{"id":2493,"date":"2012-10-25T13:09:43","date_gmt":"2012-10-25T10:09:43","guid":{"rendered":"http:\/\/infois.ro\/?p=2493"},"modified":"2012-10-25T13:09:43","modified_gmt":"2012-10-25T10:09:43","slug":"presedintele-cj-iasi-cristian-adomnitei-s-a-intalnit-cu-directorul-general-al-eptisa-international","status":"publish","type":"post","link":"https:\/\/infois.ro\/?p=2493","title":{"rendered":"Pre\u015fedintele CJ Ia\u0219i, Cristian Adomni\u021bei, s-a \u00eent\u00e2lnit cu directorul general al EPTISA International"},"content":{"rendered":"<p style=\"text-align: justify;\"><a class=\"highslide\" onclick=\"return vz.expand(this)\" href=\"http:\/\/infois.ro\/wp-content\/uploads\/2012\/10\/eptisa.jpg\"><img loading=\"lazy\" decoding=\"async\" class=\"alignleft size-large wp-image-2494\" title=\"eptisa\" src=\"http:\/\/infois.ro\/wp-content\/uploads\/cache\/2012\/10\/eptisa\/3929237081.jpg\" alt=\"\" width=\"680\" height=\"274\" \/><\/a>Pre\u015fedintele Consiliului Jude\u0163ean (CJ) Ia\u0219i, Cristian Adomni\u021bei, s-a \u00eent\u00e2lnit miercuri, 24 octombrie, cu directorul general al EPTISA International, Gerardo ROIZ DE LA PARRA. Discu\u0163iile au vizat \u00een special leg\u0103turile pe care compania le are cu SC ApaVital SA, dar \u015fi posibilele viitoare colabor\u0103ri cu administra\u0163ia jude\u0163ean\u0103. Gerardo Roiz de la Parra s-a declarat mul\u0163umit de colaborarea pe care compania pe care o conduce o are la nivel local \u015fi \u015fi-a exprimat dorin\u0163a de a fi un intermediar \u00een vederea extinderii leg\u0103turilor dintre jude\u0163ul Ia\u015fi \u015fi comunit\u0103\u0163ile locale spaniole. \u201eNe bucur\u0103 vizita efectuat\u0103 de conducerea companiei EPTISA la Ia\u015fi. Este o leg\u0103tur\u0103 pe care vrem s\u0103 o consolid\u0103m \u015fi s\u0103 o dezvolt\u0103m. Sper\u0103m ca Ia\u015ful s\u0103 devin\u0103 un punct \u2013 cheie pentru aceast\u0103 companie\u201d, a declarat, la sf\u00e2r\u0219itul \u00eentrevederii, pre\u0219edintele CJ Ia\u0219i, Cristian Adomni\u021bei. EPTISA a fost \u00eenfiin\u0163at\u0103 \u00een 1956 ca prima societate privat\u0103 de inginerie \u015fi consultan\u0163\u0103 din Spania, fiind cea mai veche companie din acest sector de activitate. Compania \u015fi-a \u00eenceput dezvoltarea interna\u0163ional\u0103 \u00een anul 1966, \u00een prezent consolid\u00e2ndu-\u015fi prezen\u0163a \u00een 42 de \u0163\u0103ri. \u00cen Rom\u00e2nia, EPTISA este activ\u0103 \u00eenc\u0103 din 1996, iar din martie 2004 a \u00eenfiin\u0163at filiala Eptisa Rom\u00e2nia SRL, cu sediul \u00een Bucure\u015fti. \u00cen martie 2011, EPTISA a semnat un contract cu ApaVital, dup\u0103 ce a c\u00e2\u015ftigat licita\u0163ia privind acordarea asisten\u0163ei tehnice pentru proiectele derulate de societatea din subordinea Consiliului Jude\u0163ean prin fonduri europene. Contractul are o durat\u0103 de cinci ani.<\/p>\n","protected":false},"excerpt":{"rendered":"<p>Pre\u015fedintele Consiliului Jude\u0163ean (CJ) Ia\u0219i, Cristian Adomni\u021bei, s-a \u00eent\u00e2lnit miercuri, 24 octombrie, cu directorul general&#8230; <a class=\"meta-more\" href=\"https:\/\/infois.ro\/?p=2493\">more <span class=\"meta-nav\">&raquo;<\/span><\/a><\/p>\n","protected":false},"author":2,"featured_media":2494,"comment_status":"open","ping_status":"open","sticky":false,"template":"","format":"standard","meta":{"footnotes":""},"categories":[1],"tags":[348,374,1070,1071],"aioseo_notices":[],"_links":{"self":[{"href":"https:\/\/infois.ro\/index.php?rest_route=\/wp\/v2\/posts\/2493"}],"collection":[{"href":"https:\/\/infois.ro\/index.php?rest_route=\/wp\/v2\/posts"}],"about":[{"href":"https:\/\/infois.ro\/index.php?rest_route=\/wp\/v2\/types\/post"}],"author":[{"embeddable":true,"href":"https:\/\/infois.ro\/index.php?rest_route=\/wp\/v2\/users\/2"}],"replies":[{"embeddable":true,"href":"https:\/\/infois.ro\/index.php?rest_route=%2Fwp%2Fv2%2Fcomments&post=2493"}],"version-history":[{"count":1,"href":"https:\/\/infois.ro\/index.php?rest_route=\/wp\/v2\/posts\/2493\/revisions"}],"predecessor-version":[{"id":2495,"href":"https:\/\/infois.ro\/index.php?rest_route=\/wp\/v2\/posts\/2493\/revisions\/2495"}],"wp:featuredmedia":[{"embeddable":true,"href":"https:\/\/infois.ro\/index.php?rest_route=\/wp\/v2\/media\/2494"}],"wp:attachment":[{"href":"https:\/\/infois.ro\/index.php?rest_route=%2Fwp%2Fv2%2Fmedia&parent=2493"}],"wp:term":[{"taxonomy":"category","embeddable":true,"href":"https:\/\/infois.ro\/index.php?rest_route=%2Fwp%2Fv2%2Fcategories&post=2493"},{"taxonomy":"post_tag","embeddable":true,"href":"https:\/\/infois.ro\/index.php?rest_route=%2Fwp%2Fv2%2Ftags&post=2493"}],"curies":[{"name":"wp","href":"https:\/\/api.w.org\/{rel}","templated":true}]}}