{"id":24977,"date":"2016-08-26T15:54:51","date_gmt":"2016-08-26T12:54:51","guid":{"rendered":"http:\/\/infois.ro\/?p=24977"},"modified":"2016-08-26T15:54:51","modified_gmt":"2016-08-26T12:54:51","slug":"primarul-iasului-invitat-de-presedintele-republicii-moldova-la-receptia-organizata-cu-prilejul-sarbatorii-zilei-nationale-a-republicii-moldova","status":"publish","type":"post","link":"https:\/\/infois.ro\/?p=24977","title":{"rendered":"Primarul Ia\u0219ului invitat de Pre\u0219edintele Republicii Moldova la Recep\u021bia organizat\u0103 cu prilejul s\u0103rb\u0103torii Zilei Na\u021bionale a Republicii Moldova"},"content":{"rendered":"<p style=\"text-align: justify;\"><a href=\"http:\/\/infois.ro\/wp-content\/uploads\/2016\/08\/moldova.jpg\"><img loading=\"lazy\" decoding=\"async\" class=\"alignleft  wp-image-24978\" src=\"http:\/\/infois.ro\/wp-content\/uploads\/2016\/08\/moldova.jpg\" alt=\"moldova\" width=\"367\" height=\"194\" srcset=\"https:\/\/infois.ro\/wp-content\/uploads\/2016\/08\/moldova.jpg 640w, https:\/\/infois.ro\/wp-content\/uploads\/2016\/08\/moldova-300x158.jpg 300w\" sizes=\"(max-width: 367px) 100vw, 367px\" \/><\/a><\/p>\n<p style=\"text-align: justify;\">La invita\u021bia Pre\u0219edintelui Republicii Moldova, Excelen\u021ba Sa <strong>Nicolae Timofti<\/strong>, primarul <strong>Mihai Chirica<\/strong> va participa s\u00e2mb\u0103t\u0103, 27 august 2016, la manifest\u0103rile organizate cu ocazia s\u0103rb\u0103toririi <strong>Zilei Independen\u021bei Republicii Moldova<\/strong>, care este \u0219i Ziua Na\u0163ional\u0103 a Republicii Moldova.<\/p>\n<p style=\"text-align: justify;\">Manifest\u0103rile vor \u00eencepe la <strong>ora 9.30<\/strong>, la <strong>monumentul \u015etefan cel Mare \u015fi Sf\u00e2nt<\/strong> din Chi\u015fin\u0103u, unde primarul Ia\u015fului va depune o coroan\u0103 de flori la statuia domnitorului.<\/p>\n<p style=\"text-align: justify;\">\u00cen cursul serii, \u00eencep\u00e2nd cu <strong>ora 18.00<\/strong>, <strong>Mihai Chirica<\/strong> va participa la <strong>Recep\u0163ia<\/strong> organizat\u0103 de c\u0103tre <strong>Pre\u0219edin\u021bia Republicii Moldova<\/strong>, \u00een prezen\u021ba Excelen\u021bei Sale <strong>Nicolae Timofti<\/strong>. La Recep\u021bie \u0219i-au anun\u021bat prezen\u021ba demnitari de cel mai \u00eenalt rang din Republica Moldova, Rom\u00e2nia \u0219i din alte state, ambasadori, diploma\u021bi, oameni de cultur\u0103, academicieni, \u00eenalte fe\u021be biserice\u0219ti de pe st\u00e2nga \u0219i dreapta Prutului, oameni politici \u0219i alte personalit\u0103\u021bi din Republica Moldova \u0219i Rom\u00e2nia.<\/p>\n<p style=\"text-align: justify;\"><em>\u201eSunt onorat de invita\u021bia Pre\u0219edintelui Republicii Moldova de a participa la manifest\u0103rile organizate cu ocazia \u00eemplinirii a 25 de ani de la declararea Independen\u021bei Republicii Moldova. Este o s\u0103rb\u0103toare pentru to\u021bi rom\u00e2nii, indiferent pe care mal al Prutului se afl\u0103. Avem aceea\u0219i cultur\u0103, acelea\u0219i tradi\u021bii, aceea\u0219i limb\u0103 \u0219i este o datorie istoric\u0103 de a fi al\u0103turi de to\u021bi rom\u00e2nii din Republica Moldova \u0219i \u00een momente de s\u0103rb\u0103toare, dar mai ales \u00een momente mai pu\u021bin pl\u0103cute. Suntem \u00eenfr\u0103\u021bi\u021bi cu Chi\u0219in\u0103ul \u0219i Cern\u0103u\u021biul, sunt foarte mul\u021bi tineri \u0219i mai pu\u021bin tineri din Republica Moldova care \u00eenva\u021b\u0103 \u0219i muncesc \u00een Ia\u015fi, iar datoria noastr\u0103, ca ie\u015feni \u015fi rom\u00e2ni, este s\u0103-i primim \u0219i s\u0103 facem tot posibilul s\u0103 se simt\u0103 ca acas\u0103. Ia\u0219ul este acas\u0103 pentru to\u021bi locuitorii Republicii Moldova\u201d,<\/em> a declarat primarul <strong>Mihai Chirica<\/strong>.<\/p>\n<p style=\"text-align: justify;\"><strong>\u00a0<\/strong><\/p>\n","protected":false},"excerpt":{"rendered":"<p>La invita\u021bia Pre\u0219edintelui Republicii Moldova, Excelen\u021ba Sa Nicolae Timofti, primarul Mihai Chirica va participa s\u00e2mb\u0103t\u0103,&#8230; <a class=\"meta-more\" href=\"https:\/\/infois.ro\/?p=24977\">more <span class=\"meta-nav\">&raquo;<\/span><\/a><\/p>\n","protected":false},"author":2,"featured_media":24978,"comment_status":"open","ping_status":"closed","sticky":false,"template":"","format":"standard","meta":{"footnotes":""},"categories":[1,41],"tags":[74,40,477,8534],"aioseo_notices":[],"_links":{"self":[{"href":"https:\/\/infois.ro\/index.php?rest_route=\/wp\/v2\/posts\/24977"}],"collection":[{"href":"https:\/\/infois.ro\/index.php?rest_route=\/wp\/v2\/posts"}],"about":[{"href":"https:\/\/infois.ro\/index.php?rest_route=\/wp\/v2\/types\/post"}],"author":[{"embeddable":true,"href":"https:\/\/infois.ro\/index.php?rest_route=\/wp\/v2\/users\/2"}],"replies":[{"embeddable":true,"href":"https:\/\/infois.ro\/index.php?rest_route=%2Fwp%2Fv2%2Fcomments&post=24977"}],"version-history":[{"count":1,"href":"https:\/\/infois.ro\/index.php?rest_route=\/wp\/v2\/posts\/24977\/revisions"}],"predecessor-version":[{"id":24979,"href":"https:\/\/infois.ro\/index.php?rest_route=\/wp\/v2\/posts\/24977\/revisions\/24979"}],"wp:featuredmedia":[{"embeddable":true,"href":"https:\/\/infois.ro\/index.php?rest_route=\/wp\/v2\/media\/24978"}],"wp:attachment":[{"href":"https:\/\/infois.ro\/index.php?rest_route=%2Fwp%2Fv2%2Fmedia&parent=24977"}],"wp:term":[{"taxonomy":"category","embeddable":true,"href":"https:\/\/infois.ro\/index.php?rest_route=%2Fwp%2Fv2%2Fcategories&post=24977"},{"taxonomy":"post_tag","embeddable":true,"href":"https:\/\/infois.ro\/index.php?rest_route=%2Fwp%2Fv2%2Ftags&post=24977"}],"curies":[{"name":"wp","href":"https:\/\/api.w.org\/{rel}","templated":true}]}}