{"id":25004,"date":"2016-08-30T08:18:01","date_gmt":"2016-08-30T05:18:01","guid":{"rendered":"http:\/\/infois.ro\/?p=25004"},"modified":"2016-08-30T08:18:01","modified_gmt":"2016-08-30T05:18:01","slug":"primaria-incearca-sa-atraga-fonduri-europene-pentru-modernizarea-sistemului-de-iluminat-public","status":"publish","type":"post","link":"https:\/\/infois.ro\/?p=25004","title":{"rendered":"Prim\u0103ria \u00eencearc\u0103 s\u0103 atrag\u0103 fonduri europene pentru modernizarea sistemului de iluminat public"},"content":{"rendered":"<p style=\"text-align: justify;\"><a href=\"http:\/\/infois.ro\/wp-content\/uploads\/2016\/08\/iluminat-public.jpg\"><img loading=\"lazy\" decoding=\"async\" class=\"alignleft  wp-image-25005\" src=\"http:\/\/infois.ro\/wp-content\/uploads\/2016\/08\/iluminat-public.jpg\" alt=\"iluminat public\" width=\"329\" height=\"206\" srcset=\"https:\/\/infois.ro\/wp-content\/uploads\/2016\/08\/iluminat-public.jpg 640w, https:\/\/infois.ro\/wp-content\/uploads\/2016\/08\/iluminat-public-300x187.jpg 300w\" sizes=\"(max-width: 329px) 100vw, 329px\" \/><\/a><\/p>\n<p style=\"text-align: justify;\">Prim\u0103ria municipiului Ia\u015fi inten\u0163ioneaz\u0103 s\u0103 atrag\u0103 fonduri europene \u00een vederea cre\u015fterii eficien\u0163ei energetice. Conform legisla\u0163iei \u00een vigoare, autorit\u0103\u0163ile care doresc acest lucru sunt obligate s\u0103 de\u0163in\u0103 \u00een proprietate infrastructur\u0103 din acest domeniu. Din acest motiv, municipalitatea ie\u015fean\u0103 va \u00eenfiin\u0163a o comisie de analizare a oportunit\u0103\u0163ii \u015fi negocierii pre\u0163ului \u00een vederea prelu\u0103rii \u00eentregului sistem de iluminat public din municipiul Ia\u015fi, informeaz\u0103 Biroul de pres\u0103 al Prim\u0103riei. Astfel, conform proiectului de hot\u0103r\u00e2re care urmeaz\u0103 s\u0103 fie supus spre dezbatere \u0219i aprobare la \u0219edin\u021ba ordinar\u0103 a Consiliului Local Municipal (CLM) de miercuri, 31 august, din comisie vor face parte trei reprezentan\u0163i ai Consiliului Local Municipal, din care unul va fi pre\u015fedinte, \u015fi \u0219ase reprezentan\u0163i ai Executivului. \u00cen Programul Opera\u0163ional Regional (POR) 2014 \u2013 2020, Rom\u00e2nia are alocat un buget total de 1,18 miliarde euro pentru investi\u0163ii menite s\u0103 creasc\u0103 eficien\u0163a energetic\u0103, din care aproximativ un miliard de euro reprezint\u0103 fonduri europene nerambursabile. Proiectele de acest tip vor fi finan\u0163ate prin Axa prioritar\u0103 3 \u2013 Prioritatea de investi\u0163ie 3.1. \u2013 Sprijinirea eficien\u0163ei energetice, a gestion\u0103rii inteligente a energiei \u015fi a utiliz\u0103rii energiei \u00een infrastructurile publice, inclusiv \u00een cl\u0103dirile publice \u015fi \u00een sectorul locuin\u0163elor, Obiectiv specific \u2013 Cre\u015fterea eficien\u0163ei energetice \u00een cl\u0103dirile reziden\u0163iale, cl\u0103dirile publice \u015fi sistemele de iluminat public, \u00eendeosebi a celor care \u00eenregistreaz\u0103 consumuri energetice mari. Programul finan\u0163eaz\u0103 lucr\u0103ri privind iluminatul public precum extinderea\/re\u00eentregirea sistemului de iluminat public, reabilitarea instala\u0163iilor electrice (st\u00e2lpi, re\u0163ele), \u00eenlocuire l\u0103mpi cu eficien\u0163\u0103 energetic\u0103 ridicat\u0103 etc.<\/p>\n<p style=\"text-align: justify;\">\n","protected":false},"excerpt":{"rendered":"<p>Prim\u0103ria municipiului Ia\u015fi inten\u0163ioneaz\u0103 s\u0103 atrag\u0103 fonduri europene \u00een vederea cre\u015fterii eficien\u0163ei energetice. Conform legisla\u0163iei&#8230; <a class=\"meta-more\" href=\"https:\/\/infois.ro\/?p=25004\">more <span class=\"meta-nav\">&raquo;<\/span><\/a><\/p>\n","protected":false},"author":2,"featured_media":25005,"comment_status":"open","ping_status":"closed","sticky":false,"template":"","format":"standard","meta":{"footnotes":""},"categories":[1,41],"tags":[74,3378,395,40,327,3112],"aioseo_notices":[],"_links":{"self":[{"href":"https:\/\/infois.ro\/index.php?rest_route=\/wp\/v2\/posts\/25004"}],"collection":[{"href":"https:\/\/infois.ro\/index.php?rest_route=\/wp\/v2\/posts"}],"about":[{"href":"https:\/\/infois.ro\/index.php?rest_route=\/wp\/v2\/types\/post"}],"author":[{"embeddable":true,"href":"https:\/\/infois.ro\/index.php?rest_route=\/wp\/v2\/users\/2"}],"replies":[{"embeddable":true,"href":"https:\/\/infois.ro\/index.php?rest_route=%2Fwp%2Fv2%2Fcomments&post=25004"}],"version-history":[{"count":1,"href":"https:\/\/infois.ro\/index.php?rest_route=\/wp\/v2\/posts\/25004\/revisions"}],"predecessor-version":[{"id":25006,"href":"https:\/\/infois.ro\/index.php?rest_route=\/wp\/v2\/posts\/25004\/revisions\/25006"}],"wp:featuredmedia":[{"embeddable":true,"href":"https:\/\/infois.ro\/index.php?rest_route=\/wp\/v2\/media\/25005"}],"wp:attachment":[{"href":"https:\/\/infois.ro\/index.php?rest_route=%2Fwp%2Fv2%2Fmedia&parent=25004"}],"wp:term":[{"taxonomy":"category","embeddable":true,"href":"https:\/\/infois.ro\/index.php?rest_route=%2Fwp%2Fv2%2Fcategories&post=25004"},{"taxonomy":"post_tag","embeddable":true,"href":"https:\/\/infois.ro\/index.php?rest_route=%2Fwp%2Fv2%2Ftags&post=25004"}],"curies":[{"name":"wp","href":"https:\/\/api.w.org\/{rel}","templated":true}]}}