{"id":25047,"date":"2016-08-31T09:43:39","date_gmt":"2016-08-31T06:43:39","guid":{"rendered":"http:\/\/infois.ro\/?p=25047"},"modified":"2016-08-31T09:43:39","modified_gmt":"2016-08-31T06:43:39","slug":"aproape-o-mie-de-arbori-vor-disparea-de-pe-strazile-iasului","status":"publish","type":"post","link":"https:\/\/infois.ro\/?p=25047","title":{"rendered":"Aproape o mie de arbori vor disp\u0103rea de pe str\u0103zile Ia\u0219ului"},"content":{"rendered":"<p style=\"text-align: justify;\"><a href=\"http:\/\/infois.ro\/wp-content\/uploads\/2016\/08\/copaci.jpg\"><img loading=\"lazy\" decoding=\"async\" class=\"alignleft  wp-image-25048\" src=\"http:\/\/infois.ro\/wp-content\/uploads\/2016\/08\/copaci.jpg\" alt=\"copaci\" width=\"348\" height=\"232\" srcset=\"https:\/\/infois.ro\/wp-content\/uploads\/2016\/08\/copaci.jpg 640w, https:\/\/infois.ro\/wp-content\/uploads\/2016\/08\/copaci-300x200.jpg 300w\" sizes=\"(max-width: 348px) 100vw, 348px\" \/><\/a><\/p>\n<p style=\"text-align: justify;\">\u00cen urma inventarierii de c\u0103tre reprezentan\u021bii Prim\u0103rie a copacilor usca\u021bi din ora\u0219 a rezultat c\u0103 \u00een Ia\u0219i exist\u0103 \u00een prezent 910 de arbori care prezint\u0103 pericol public \u00een cazul producerii unor furtuni sau a altor fenomene meteo violente. Potrivit primarului Mihai Chirica, arborii, care au fost marca\u021bi de speciali\u0219ti cu culoarea galben, pentru a putea fi deosebi\u021bi de cei s\u0103n\u0103to\u0219i, urmeaz\u0103 s\u0103 fie pu\u0219i la p\u0103m\u00e2nt \u00eencep\u00e2nd de s\u0103pt\u0103m\u00e2na viitoare. \u201dAm trimis lista cu to\u021bi ace\u0219ti arbori c\u0103tre cei de la Ocolul Silvic \u0219i \u00een func\u021bie de r\u0103spunsul lor vom demara ac\u021biunea de eliminare a acestor copaci\u201d, a afirmat, mar\u021bi, \u00eentr-o conferin\u021b\u0103 de pres\u0103, \u0219eful municipalit\u0103\u021bii ie\u0219ene. Reamintim c\u0103 dup\u0103 t\u0103ierea teilor de pe Bulevardul \u0218tefan cel Mare \u0219i Sf\u00e2nt, care a avut loc \u00een luna februarie 2014, Prim\u0103ria a demarat o ampl\u0103 ac\u021biune de replantare a arborilor \u00een ora\u0219, care a vizat peste 10.000 de copaci, arborii usca\u021bi fiind \u00eenlocui\u021bi cu puie\u021bi din aceea\u0219i specie. Printre zonele \u00een care \u00een ultimii doi ani s-au replantat copaci se num\u0103r\u0103 Aleea Grigore Ghica Vod\u0103, Bulevardul Carol I, Gr\u0103dina Copou, Parcul Expozi\u021biei, Parcul Tineretului, Parcul Berthelot, strada Toma Cozma \u0219i strada Lasc\u0103r Catargi.<\/p>\n","protected":false},"excerpt":{"rendered":"<p>\u00cen urma inventarierii de c\u0103tre reprezentan\u021bii Prim\u0103rie a copacilor usca\u021bi din ora\u0219 a rezultat c\u0103&#8230; <a class=\"meta-more\" href=\"https:\/\/infois.ro\/?p=25047\">more <span class=\"meta-nav\">&raquo;<\/span><\/a><\/p>\n","protected":false},"author":2,"featured_media":25048,"comment_status":"open","ping_status":"closed","sticky":false,"template":"","format":"standard","meta":{"footnotes":""},"categories":[1,41],"tags":[74,4145,40,8554,8553],"aioseo_notices":[],"_links":{"self":[{"href":"https:\/\/infois.ro\/index.php?rest_route=\/wp\/v2\/posts\/25047"}],"collection":[{"href":"https:\/\/infois.ro\/index.php?rest_route=\/wp\/v2\/posts"}],"about":[{"href":"https:\/\/infois.ro\/index.php?rest_route=\/wp\/v2\/types\/post"}],"author":[{"embeddable":true,"href":"https:\/\/infois.ro\/index.php?rest_route=\/wp\/v2\/users\/2"}],"replies":[{"embeddable":true,"href":"https:\/\/infois.ro\/index.php?rest_route=%2Fwp%2Fv2%2Fcomments&post=25047"}],"version-history":[{"count":1,"href":"https:\/\/infois.ro\/index.php?rest_route=\/wp\/v2\/posts\/25047\/revisions"}],"predecessor-version":[{"id":25049,"href":"https:\/\/infois.ro\/index.php?rest_route=\/wp\/v2\/posts\/25047\/revisions\/25049"}],"wp:featuredmedia":[{"embeddable":true,"href":"https:\/\/infois.ro\/index.php?rest_route=\/wp\/v2\/media\/25048"}],"wp:attachment":[{"href":"https:\/\/infois.ro\/index.php?rest_route=%2Fwp%2Fv2%2Fmedia&parent=25047"}],"wp:term":[{"taxonomy":"category","embeddable":true,"href":"https:\/\/infois.ro\/index.php?rest_route=%2Fwp%2Fv2%2Fcategories&post=25047"},{"taxonomy":"post_tag","embeddable":true,"href":"https:\/\/infois.ro\/index.php?rest_route=%2Fwp%2Fv2%2Ftags&post=25047"}],"curies":[{"name":"wp","href":"https:\/\/api.w.org\/{rel}","templated":true}]}}