{"id":25066,"date":"2016-09-01T09:28:18","date_gmt":"2016-09-01T06:28:18","guid":{"rendered":"http:\/\/infois.ro\/?p=25066"},"modified":"2016-09-01T09:28:18","modified_gmt":"2016-09-01T06:28:18","slug":"consiliul-judetean-iasi-incepe-negocierile-cu-berd-privind-imprumutul-pentru-modernizarea-drumurilor","status":"publish","type":"post","link":"https:\/\/infois.ro\/?p=25066","title":{"rendered":"Consiliul Jude\u021bean Ia\u0219i \u00eencepe negocierile cu BERD privind \u00eemprumutul pentru modernizarea drumurilor"},"content":{"rendered":"<p style=\"text-align: justify;\"><a href=\"http:\/\/infois.ro\/wp-content\/uploads\/2016\/08\/drum.jpg\"><img loading=\"lazy\" decoding=\"async\" class=\"alignleft  wp-image-24656\" src=\"http:\/\/infois.ro\/wp-content\/uploads\/2016\/08\/drum.jpg\" alt=\"drum\" width=\"349\" height=\"233\" srcset=\"https:\/\/infois.ro\/wp-content\/uploads\/2016\/08\/drum.jpg 640w, https:\/\/infois.ro\/wp-content\/uploads\/2016\/08\/drum-300x200.jpg 300w\" sizes=\"(max-width: 349px) 100vw, 349px\" \/><\/a><\/p>\n<p style=\"text-align: justify;\">\u00centruni\u021bi \u00een \u0219edin\u021b\u0103 ordinar\u0103, consilierii jude\u021beni ie\u0219eni au aprobat miercuri, 31 august, mandatarea pre\u0219edintelui Consiliului Jude\u021bean (CJ) Ia\u0219i, Maricel Popa, \u0219i a vicepre\u0219edintelui acestei institu\u021bii, Victorel Lupu, pentru a negocia termenii \u0219i condi\u021biile de finan\u021bare cu Banca European\u0103 pentru Reconstruc\u021bie \u0219i Dezvoltare (BERD), respectiv Banca Interna\u021bional\u0103 pentru Reconstruc\u021bie \u0219i Dezvoltare (BIRD) \u00een vederea ob\u021binerii unei finan\u021b\u0103ri rambursabile, destinate reabilit\u0103rii \u0219i moderniz\u0103rii re\u021belei de drumuri jude\u021bene, conform Master Plan-ului aprobat in 2015 \u0219i studiilor de fezabilitate aferente. Master Planul privind reabilitarea \u0219i modernizarea drumurilor jude\u021bene \u0219i comunale, document inclus \u00een Strategia de Dezvoltare Economic\u0103 \u0219i Social\u0103 a jude\u021bului Ia\u0219i pentru perioada 2014-2020, a fost aprobat la \u00eenceputul acestui an de plenul CJ Ia\u0219i. Documentul prevede modernizarea a circa 350 de kilometri de drumuri jude\u021bene dintr-un total de o mie de kilometri, c\u00e2t num\u0103r\u0103 lungimea total\u0103 a drumurilor din jude\u021b, cu un cost de circa 60 de milioane de euro, din care 30 de milioane de euro ar urma s\u0103 provin\u0103 dintr-un credit BERD\/BIRD \u0219i 30 de milioane de euro r\u0103mase din investi\u021bia privind modernizarea Aeroportului Interna\u021bional Ia\u0219i. Cele trei axe rutiere prioritare, incluse \u00een Master plan, sunt urm\u0103toarele: Axa I, \u00een lungime de 94 kilometri, care cuprinde tronsonul Ia\u015fi \u2013 Movileni \u2013 Gropni\u0163a \u2013 Coarnele Caprei \u2013 Belce\u015fti \u2013 Scobin\u0163i \u2013 Sire\u0163el \u2013 Lespezi, Axa 2, cu o lungime de 70 kilometri, care include tronsonul Ia\u015fi \u2013 Miroslava \u2013 \u0162ibana \u2013 \u0162ib\u0103ne\u015fti \u2013 Tansa \u2013 Dag\u00e2\u0163a, cu ie\u015firi din \u0162ib\u0103ne\u015fti spre Vaslui \u015fi din Dag\u00e2\u0163a, prin Piscu Rusului, spre Neam\u0163 \u0219i, respectiv, Axa 3, \u00een lungime de 60 de kilometri, care reprezint\u0103, practic, centura u\u015foar\u0103 a municipiului Ia\u015fi, adic\u0103 drumul Popricani \u2013Movileni \u2013 Le\u0163cani \u2013 Voine\u015fti \u2013 Mogo\u015fe\u015fti \u2013 Ciurea \u2013 B\u00e2rnova \u2013 Tome\u015fti \u2013 Holboca\u201d.<\/p>\n","protected":false},"excerpt":{"rendered":"<p>\u00centruni\u021bi \u00een \u0219edin\u021b\u0103 ordinar\u0103, consilierii jude\u021beni ie\u0219eni au aprobat miercuri, 31 august, mandatarea pre\u0219edintelui Consiliului&#8230; <a class=\"meta-more\" href=\"https:\/\/infois.ro\/?p=25066\">more <span class=\"meta-nav\">&raquo;<\/span><\/a><\/p>\n","protected":false},"author":2,"featured_media":24656,"comment_status":"open","ping_status":"closed","sticky":false,"template":"","format":"standard","meta":{"footnotes":""},"categories":[1,41],"tags":[74,867,8564,5121,40,8437],"aioseo_notices":[],"_links":{"self":[{"href":"https:\/\/infois.ro\/index.php?rest_route=\/wp\/v2\/posts\/25066"}],"collection":[{"href":"https:\/\/infois.ro\/index.php?rest_route=\/wp\/v2\/posts"}],"about":[{"href":"https:\/\/infois.ro\/index.php?rest_route=\/wp\/v2\/types\/post"}],"author":[{"embeddable":true,"href":"https:\/\/infois.ro\/index.php?rest_route=\/wp\/v2\/users\/2"}],"replies":[{"embeddable":true,"href":"https:\/\/infois.ro\/index.php?rest_route=%2Fwp%2Fv2%2Fcomments&post=25066"}],"version-history":[{"count":1,"href":"https:\/\/infois.ro\/index.php?rest_route=\/wp\/v2\/posts\/25066\/revisions"}],"predecessor-version":[{"id":25067,"href":"https:\/\/infois.ro\/index.php?rest_route=\/wp\/v2\/posts\/25066\/revisions\/25067"}],"wp:featuredmedia":[{"embeddable":true,"href":"https:\/\/infois.ro\/index.php?rest_route=\/wp\/v2\/media\/24656"}],"wp:attachment":[{"href":"https:\/\/infois.ro\/index.php?rest_route=%2Fwp%2Fv2%2Fmedia&parent=25066"}],"wp:term":[{"taxonomy":"category","embeddable":true,"href":"https:\/\/infois.ro\/index.php?rest_route=%2Fwp%2Fv2%2Fcategories&post=25066"},{"taxonomy":"post_tag","embeddable":true,"href":"https:\/\/infois.ro\/index.php?rest_route=%2Fwp%2Fv2%2Ftags&post=25066"}],"curies":[{"name":"wp","href":"https:\/\/api.w.org\/{rel}","templated":true}]}}