{"id":25313,"date":"2016-09-20T15:20:45","date_gmt":"2016-09-20T12:20:45","guid":{"rendered":"http:\/\/infois.ro\/?p=25313"},"modified":"2016-09-20T15:20:45","modified_gmt":"2016-09-20T12:20:45","slug":"calitatea-lucrarilor-de-intretinere-a-drumurilor-in-atentia-conducerii-cj-iasi","status":"publish","type":"post","link":"https:\/\/infois.ro\/?p=25313","title":{"rendered":"Calitatea lucr\u0103rilor de \u00eentre\u021binere a drumurilor, \u00een aten\u021bia conducerii CJ Ia\u0219i"},"content":{"rendered":"<p style=\"text-align: justify;\"><a href=\"http:\/\/infois.ro\/wp-content\/uploads\/2013\/11\/asfaltare.jpg\"><img loading=\"lazy\" decoding=\"async\" class=\"alignleft  wp-image-8342\" src=\"http:\/\/infois.ro\/wp-content\/uploads\/2013\/11\/asfaltare.jpg\" alt=\"Ministrul Dezvoltarii Regionale si Turismului, Elena Udrea si premierul Emil Boc viziteaza &quot;Drumul Sudului&quot;, in judetul Dambovita\" width=\"374\" height=\"156\" srcset=\"https:\/\/infois.ro\/wp-content\/uploads\/2013\/11\/asfaltare.jpg 640w, https:\/\/infois.ro\/wp-content\/uploads\/2013\/11\/asfaltare-300x125.jpg 300w\" sizes=\"(max-width: 374px) 100vw, 374px\" \/><\/a><\/p>\n<p style=\"text-align: justify;\">Pre\u015fedintele Consiliului Jude\u0163ean (CJ) Ia\u015fi, Maricel Popa, va propune \u00een prima \u015fedin\u0163\u0103 ordinar\u0103 a plenului deliberativ contractarea serviciilor unui laborator specializat pentru verificarea calit\u0103\u0163ii lucr\u0103rilor de modernizare \u015fi de \u00eentre\u0163inere a drumurilor jude\u0163ene. Pre\u015fedintele CJ Ia\u0219i atrage aten\u0163ia firmelor care c\u00e2\u015ftig\u0103 licita\u0163iile c\u0103 nu va mai accepta lucr\u0103ri de m\u00e2ntuial\u0103 \u015fi va fi foarte atent ca termenele de execu\u0163ie ale lucr\u0103rilor s\u0103 fie respectate. \u201cLucr\u0103rile trebuie s\u0103 fie de calitate, nu mai vreau lucr\u0103ri de m\u00e2ntuial\u0103 la drumurile jude\u0163ene. Voi fi foarte atent \u015fi la respectarea termenelor de execu\u0163ie ale lucr\u0103rilor\u201d, a declarat Maricel Popa. \u00cen alt\u0103 odine de idei, \u00een aceast\u0103 s\u0103pt\u0103m\u00e2n\u0103 au fost demarate lucr\u0103rile pentru reabilitarea celor 18,5 km pe DJ 248A (Ia\u015fi-Voine\u015fti-\u0162ib\u0103ne\u015fti). Valoarea estimat\u0103 a contractului este de aproximativ \u0219ase milioane de lei. Ofertantul c\u00e2\u015ftig\u0103tor este SC Con Ted Company SRL. Durata de finalizare a lucr\u0103rilor este de trei luni, iar garan\u0163ia de bun\u0103 execu\u0163ie de 24 de luni, informeaz\u0103, prin intermediului unui comunicat, Biroul de pres\u0103 al CJ Ia\u0219i.<\/p>\n","protected":false},"excerpt":{"rendered":"<p>Pre\u015fedintele Consiliului Jude\u0163ean (CJ) Ia\u015fi, Maricel Popa, va propune \u00een prima \u015fedin\u0163\u0103 ordinar\u0103 a plenului&#8230; <a class=\"meta-more\" href=\"https:\/\/infois.ro\/?p=25313\">more <span class=\"meta-nav\">&raquo;<\/span><\/a><\/p>\n","protected":false},"author":2,"featured_media":8342,"comment_status":"open","ping_status":"closed","sticky":false,"template":"","format":"standard","meta":{"footnotes":""},"categories":[1,41],"tags":[74,8611,40,8610,8437],"aioseo_notices":[],"_links":{"self":[{"href":"https:\/\/infois.ro\/index.php?rest_route=\/wp\/v2\/posts\/25313"}],"collection":[{"href":"https:\/\/infois.ro\/index.php?rest_route=\/wp\/v2\/posts"}],"about":[{"href":"https:\/\/infois.ro\/index.php?rest_route=\/wp\/v2\/types\/post"}],"author":[{"embeddable":true,"href":"https:\/\/infois.ro\/index.php?rest_route=\/wp\/v2\/users\/2"}],"replies":[{"embeddable":true,"href":"https:\/\/infois.ro\/index.php?rest_route=%2Fwp%2Fv2%2Fcomments&post=25313"}],"version-history":[{"count":1,"href":"https:\/\/infois.ro\/index.php?rest_route=\/wp\/v2\/posts\/25313\/revisions"}],"predecessor-version":[{"id":25314,"href":"https:\/\/infois.ro\/index.php?rest_route=\/wp\/v2\/posts\/25313\/revisions\/25314"}],"wp:featuredmedia":[{"embeddable":true,"href":"https:\/\/infois.ro\/index.php?rest_route=\/wp\/v2\/media\/8342"}],"wp:attachment":[{"href":"https:\/\/infois.ro\/index.php?rest_route=%2Fwp%2Fv2%2Fmedia&parent=25313"}],"wp:term":[{"taxonomy":"category","embeddable":true,"href":"https:\/\/infois.ro\/index.php?rest_route=%2Fwp%2Fv2%2Fcategories&post=25313"},{"taxonomy":"post_tag","embeddable":true,"href":"https:\/\/infois.ro\/index.php?rest_route=%2Fwp%2Fv2%2Ftags&post=25313"}],"curies":[{"name":"wp","href":"https:\/\/api.w.org\/{rel}","templated":true}]}}