{"id":25394,"date":"2016-09-27T09:08:40","date_gmt":"2016-09-27T06:08:40","guid":{"rendered":"http:\/\/infois.ro\/?p=25394"},"modified":"2016-09-27T09:08:40","modified_gmt":"2016-09-27T06:08:40","slug":"erasmus-s-t-a-r-al-treilea-an-de-proiect-la-liceul-teoretic-vasile-alecsandri","status":"publish","type":"post","link":"https:\/\/infois.ro\/?p=25394","title":{"rendered":"Erasmus + S.T.A.R.: al treilea an de proiect la Liceul Teoretic \u201eVasile Alecsandri\u201d"},"content":{"rendered":"<p style=\"text-align: justify;\"><a href=\"http:\/\/infois.ro\/wp-content\/uploads\/2015\/05\/liceul-alecsandri.jpg\"><img loading=\"lazy\" decoding=\"async\" class=\"alignleft  wp-image-17796\" src=\"http:\/\/infois.ro\/wp-content\/uploads\/2015\/05\/liceul-alecsandri.jpg\" alt=\"liceul-alecsandri\" width=\"344\" height=\"164\" srcset=\"https:\/\/infois.ro\/wp-content\/uploads\/2015\/05\/liceul-alecsandri.jpg 600w, https:\/\/infois.ro\/wp-content\/uploads\/2015\/05\/liceul-alecsandri-300x143.jpg 300w\" sizes=\"(max-width: 344px) 100vw, 344px\" \/><\/a><\/p>\n<p style=\"text-align: justify;\">\u00cen perioada 26-30 septembrie, la Liceul Teoretic \u201eVasile Alecsandri\u201d, vor avea loc activit\u0103\u021bi de predare-\u00eenv\u0103\u021bare \u00een cadrul Proiectului european Erasmus + <strong><em>\u201cSustainability:Towards the<\/em><\/strong> <strong><em>Appreciation of Resources\u201d<\/em><\/strong>, proiect cofinan\u021bat de Comisia European\u0103 \u015fi aprobat de ANPCDEFP. La activit\u0103\u021bi vor participa, al\u0103turi de institu\u021bia ie\u0219ean\u0103 de prestigiu, elevi \u0219i profesori din Italia, Turcia, Fran\u021ba \u0219i Cehia.<\/p>\n<p style=\"text-align: justify;\">\u00a0\u00a0\u00a0\u00a0\u00a0\u00a0\u00a0\u00a0\u00a0 Profesorii din echipa gazd\u0103, coordona\u021bi de doamna profesor Mihaela Manolache, au proiectat ateliere pe tema sustenabilit\u0103\u021bii, concursuri de produse realizate din materiale biodegradabile, crearea unui calendar de c\u0103tre elevi care s\u0103 con\u021bin\u0103 date \u0219i evenimente importante legate de natur\u0103, \u00eentreceri sportive \u0219i evenimente cultural-artistice, menite s\u0103 familiarizeze invita\u021bii cu specificul culturii rom\u00e2ne\u0219ti. O zi important\u0103, cu \u00eenc\u0103rc\u0103tur\u0103 emo\u021bional\u0103, va fi miercuri, 28 septembrie, c\u00e2nd elevii din cele cinci \u021b\u0103ri partenere \u00ee\u0219i vor prezenta proiectele, la care au lucrat timp de c\u00e2teva luni, cu tema <em>Hard and Soft Skills<\/em> (Competen\u021be <em>hard<\/em> \u0219i <em>soft<\/em>). Un aspect principal din proiectul elevilor din Rom\u00e2nia este comunicarea, o calitate <em>soft<\/em>, pe care ar trebui s\u0103 o cultiv\u0103m cu to\u021bii.<\/p>\n<p style=\"text-align: justify;\">\u00a0\u00a0\u00a0\u00a0\u00a0\u00a0\u00a0\u00a0\u00a0\u00a0\u00a0 Experien\u021ba european\u0103 acumulat\u0103 ca urmare a derul\u0103rii proiectului Erasmus+ se dore\u0219te a fi un suport pentru noi perspective, un punct de plecare pentru alte oportunit\u0103\u021bi care s\u0103 le \u00eent\u0103reasc\u0103 elevilor participan\u021bi sentimentul apartenen\u021bei la marea familie european\u0103 din care facem parte \u0219i s\u0103 \u00eei determine s\u0103 fie din ce \u00een ce mai competitivi \u0219i mai preg\u0103ti\u021bi pentru provoc\u0103rile lumii contemporane.<\/p>\n","protected":false},"excerpt":{"rendered":"<p>\u00cen perioada 26-30 septembrie, la Liceul Teoretic \u201eVasile Alecsandri\u201d, vor avea loc activit\u0103\u021bi de predare-\u00eenv\u0103\u021bare&#8230; <a class=\"meta-more\" href=\"https:\/\/infois.ro\/?p=25394\">more <span class=\"meta-nav\">&raquo;<\/span><\/a><\/p>\n","protected":false},"author":2,"featured_media":17796,"comment_status":"open","ping_status":"closed","sticky":false,"template":"","format":"standard","meta":{"footnotes":""},"categories":[12],"tags":[986,4900,40,7137,3112],"aioseo_notices":[],"_links":{"self":[{"href":"https:\/\/infois.ro\/index.php?rest_route=\/wp\/v2\/posts\/25394"}],"collection":[{"href":"https:\/\/infois.ro\/index.php?rest_route=\/wp\/v2\/posts"}],"about":[{"href":"https:\/\/infois.ro\/index.php?rest_route=\/wp\/v2\/types\/post"}],"author":[{"embeddable":true,"href":"https:\/\/infois.ro\/index.php?rest_route=\/wp\/v2\/users\/2"}],"replies":[{"embeddable":true,"href":"https:\/\/infois.ro\/index.php?rest_route=%2Fwp%2Fv2%2Fcomments&post=25394"}],"version-history":[{"count":1,"href":"https:\/\/infois.ro\/index.php?rest_route=\/wp\/v2\/posts\/25394\/revisions"}],"predecessor-version":[{"id":25395,"href":"https:\/\/infois.ro\/index.php?rest_route=\/wp\/v2\/posts\/25394\/revisions\/25395"}],"wp:featuredmedia":[{"embeddable":true,"href":"https:\/\/infois.ro\/index.php?rest_route=\/wp\/v2\/media\/17796"}],"wp:attachment":[{"href":"https:\/\/infois.ro\/index.php?rest_route=%2Fwp%2Fv2%2Fmedia&parent=25394"}],"wp:term":[{"taxonomy":"category","embeddable":true,"href":"https:\/\/infois.ro\/index.php?rest_route=%2Fwp%2Fv2%2Fcategories&post=25394"},{"taxonomy":"post_tag","embeddable":true,"href":"https:\/\/infois.ro\/index.php?rest_route=%2Fwp%2Fv2%2Ftags&post=25394"}],"curies":[{"name":"wp","href":"https:\/\/api.w.org\/{rel}","templated":true}]}}