{"id":2541,"date":"2012-10-29T14:33:30","date_gmt":"2012-10-29T12:33:30","guid":{"rendered":"http:\/\/infois.ro\/?p=2541"},"modified":"2012-10-29T14:45:12","modified_gmt":"2012-10-29T12:45:12","slug":"primaria-foloseste-ilegal-denumirea-%e2%80%9ecurierul-de-iasi","status":"publish","type":"post","link":"https:\/\/infois.ro\/?p=2541","title":{"rendered":"Prim\u0103ria folose\u015fte ilegal denumirea \u201eCurierul de Ia\u015fi\u201d"},"content":{"rendered":"<p style=\"text-align: justify;\"><em><span style=\"text-decoration: underline;\"><a class=\"highslide\" onclick=\"return vz.expand(this)\" href=\"http:\/\/infois.ro\/wp-content\/uploads\/2012\/10\/Primaria-Iasi.jpg\"><img loading=\"lazy\" decoding=\"async\" class=\"alignleft size-large wp-image-2545\" title=\"Primaria Iasi\" src=\"http:\/\/infois.ro\/wp-content\/uploads\/cache\/2012\/10\/Primaria-Iasi\/99925190.jpg\" alt=\"\" width=\"588\" height=\"331\" \/><\/a><\/span><\/em><strong><em><span style=\"text-decoration: underline;\">COMUNICAT DE PRES\u0102<\/span><\/em><\/strong><\/p>\n<p style=\"text-align: justify;\">\u00cen calitate de <strong>unic de\u0163in\u0103tor al m\u0103rcii CURIERUL DE IA\u015eI<\/strong> (marca nr.120686; clasele 16, 35, 38, 39, 41 \u015fi 42) \u015fi al domeniului curieruldeiasi.ro, doresc s\u0103 atrag aten\u0163ia opiniei publice c\u0103 <strong>Prim\u0103ria Ia\u015fi folose\u015fte aceast\u0103 denumire <\/strong><strong>f\u0103r\u0103 acordul meu<\/strong>, \u00eenc\u0103lc\u00e2nd astfel legisla\u0163ia na\u0163ional\u0103 \u015fi comunitar\u0103 \u00een domeniul propriet\u0103\u0163ii intelectuale.<\/p>\n<p style=\"text-align: justify;\">\u00a0Aceast\u0103 infrac\u0163iune este sanc\u0163ionat\u0103 de <span style=\"text-decoration: underline;\">art 83 din Legea M\u0103rcilor nr 84\/1998<\/span> <em>(Constituie infrac\u0163iune \u015fi se pedepse\u015fte cu \u00eenchisoare de la 3 luni la 3 ani sau cu amend\u0103 de la 50.000 lei la 150.000 lei s\u0103v\u00e2r\u015firea, f\u0103r\u0103 drept, a urm\u0103toarelor fapte: (\u2026) punerea \u00een circula\u0163ie a unui produs purt\u00e2nd o marc\u0103 identic\u0103 sau similar\u0103 cu o marc\u0103 \u00eenregistrat\u0103 pentru produse identice sau similare \u015fi care \u00eel prejudiciaz\u0103 pe titularul m\u0103rcii \u00eenregistrate; (\u2026) <\/em><em>Prin punerea \u00een circula\u0163ie se \u00een\u0163elege oferirea produselor sau comercializarea ori de\u0163inerea lor \u00een acest scop sau, dup\u0103 caz, oferirea sau prestarea serviciilor sub acest semn, precum \u015fi importul, exportul sau tranzitul produselor sub acest semn<\/em>) <span style=\"text-decoration: underline;\">\u015fi de<\/span><em> <\/em><span style=\"text-decoration: underline;\">art. 5 lit a<\/span><span style=\"text-decoration: underline;\"> din Legea nr 11\/1991<\/span><span style=\"text-decoration: underline;\">privind combaterea concuren\u0163ei neloiale<\/span> (<em>Constituie infrac\u0163iune \u015fi se pedepse\u015fte cu \u00eenchisoare de la 6 luni la 2 ani sau cu amend\u0103 <\/em><em>folosirea unei firme, inven\u0163ii, m\u0103rci, indica\u0163ii geografice, unui desen sau model industrial, unor topografii ale unui circuit integrat, unei embleme sau unui ambalaj de natur\u0103 s\u0103 produc\u0103 confuzie cu cele folosite legitim de alt comerciant<\/em><em>).<\/em><\/p>\n<p style=\"text-align: justify;\">\u00cen data de 24 octombrie 2012, <strong>am solicitat Prim\u0103riei Ia\u015fi ca, \u00een termen de cel mult 48 de ore, s\u0103 dispun\u0103 m\u0103surile necesare pentru a \u00eenceta utilizarea denumirii CURIERUL DE IA\u015eI<\/strong> \u00een oricare din activit\u0103\u0163ile institu\u0163iei, \u00een special s\u0103 nu mai fie utilizat\u0103 pentru <em>B<\/em><em>uletinul de Informa\u0163ii Edilitare al Prim\u0103riei Municipiului Ia\u015fi,<\/em> editat s\u0103pt\u0103m\u00e2nal pe suport de h\u00e2rtie \u015fi zilnic la adresa de internet <strong><em><a href=\"http:\/\/curierul-iasi.ro\/www.curierul-iasi.ro\" target=\"_blank\"><strong>www.curierul-iasi.ro<\/strong><\/a><\/em><\/strong><strong><em>. <\/em><\/strong>Nu am primit niciun r\u0103spuns, iar site-ul func\u0163ioneaz\u0103 \u00een continuare&#8230;<strong><em><\/em><\/strong><\/p>\n<p style=\"text-align: justify;\">Ast\u0103zi, 29 octombrie 2012, este ultima zi pentru depunerea ofertelor \u00een cazul <strong>procedurii de achizi\u0163ie public\u0103 lansat\u0103 de Prim\u0103ria Ia\u015fi \u00een vederea tip\u0103ririi publica\u0163iei ilegale \u201eCurierul de Ia\u015fi\u201d.<\/strong> Doresc s\u0103 aten\u0163ionez firma c\u00e2\u015ftig\u0103toare c\u0103, \u00een cazul \u00een care va tip\u0103ri o publica\u0163ie cu numele CURIERUL DE IA\u015eI, va fi direct implicat\u0103 \u00een s\u0103v\u00e2r\u015firea unor fapte sanc\u0163ionate de lege ca infrac\u0163iuni \u015fi va face obiectul unor investiga\u0163ii ale organelor de cercetare penal\u0103 \u015fi ale instan\u0163elor de judecat\u0103.<\/p>\n<p style=\"text-align: justify;\">Pe l\u00e2ng\u0103 faptul c\u0103 o publica\u0163ie tip\u0103rit\u0103 cu numele CURIERUL DE IA\u015eI \u00eencalc\u0103 legea, demn de semnalat este faptul c\u0103 <strong>municipalitatea ie\u015fean\u0103 \u015fi-a propus s\u0103 tip\u0103reasc\u0103 495.000 de exemplare \u00een numai dou\u0103 luni<\/strong> (noiembrie &#8211; decembrie 2012), ceea ce \u00eenseamn\u0103 un <strong>tiraj de 55.000 exemplare\/edi\u0163ie<\/strong>. \u00cen condi\u0163iile \u00een care S\u0103rb\u0103torile Ia\u015fului au trecut, nu exist\u0103 nicio motiva\u0163ie obiectiv\u0103 pentru un asemenea tiraj, <strong>motivul real al acestei cheltuieli imense &#8211; din banii ie\u015fenilor &#8211; \u00a0fiind cel mai probabil campania electoral\u0103<\/strong>.<\/p>\n<p style=\"text-align: justify;\">Un tiraj de 55.000 exemplare este mult mai mare dec\u00e2t al unui program TV distribuit la nivel na\u0163ional (ProTv Magazin &#8211; 39.692 exemplare\/edi\u0163ie) \u015fi \u00eentrece chiar \u015fi tirajul total dintr-o s\u0103pt\u0103m\u00e2n\u0103 (6 apari\u0163ii) al celui mai v\u00e2ndut cotidian ie\u015fean (Ziarul de Ia\u015fi &#8211; 42.672 exemplare).<\/p>\n<p style=\"text-align: justify;\">Men\u0163ionez c\u0103 am \u00eenregistrat marca CURIERUL DE IA\u015eI pentru a dezvolta proiectul jurnalistic online CURIERULDEIASI.ro (de\u0163in domeniul din anul 2008), iar pentru un eventual ziar tip\u0103rit sunt dispus la o colaborare cu editorii interesa\u0163i.<\/p>\n<p style=\"text-align: justify;\">\u00cen cazul \u00een care Prim\u0103ria Ia\u015fi nu va \u00eenceta de \u00eendat\u0103 utilizarea ilegal\u0103 a denumirii CURIERUL DE IA\u015eI, voi ini\u0163ia toate demersurile legale pentru a-mi ap\u0103ra drepturile ob\u0163inute prin \u00eenregistrarea m\u0103rcii, cu speran\u0163a c\u0103 acest demers va constitui un exemplu \u015fi un imbold pentru al\u0163i de\u0163in\u0103tori de m\u0103rci ale c\u0103ror drepturi sunt \u00eenc\u0103lcate, pentru c\u0103 exist\u0103 numeroase astfel de cazuri, inclusiv \u00een presa local\u0103 sau regional\u0103.<\/p>\n<p style=\"text-align: justify;\"><strong>Dan SCARLAT<\/strong><\/p>\n<p style=\"text-align: justify;\"><strong><em>Unic de\u0163in\u0103tor al m\u0103rcii<\/em><\/strong><\/p>\n<p style=\"text-align: justify;\"><strong><em>CURIERUL DE IA\u015eI<\/em><\/strong><\/p>\n<p style=\"text-align: justify;\"><a href=\"http:\/\/www.curieruldeiasi.ro\/\">www.CURIERULDEIASI.ro<\/a><\/p>\n","protected":false},"excerpt":{"rendered":"<p>COMUNICAT DE PRES\u0102 \u00cen calitate de unic de\u0163in\u0103tor al m\u0103rcii CURIERUL DE IA\u015eI (marca nr.120686;&#8230; <a class=\"meta-more\" href=\"https:\/\/infois.ro\/?p=2541\">more <span class=\"meta-nav\">&raquo;<\/span><\/a><\/p>\n","protected":false},"author":2,"featured_media":2545,"comment_status":"open","ping_status":"open","sticky":false,"template":"","format":"standard","meta":{"footnotes":""},"categories":[1,41],"tags":[74,1088,296],"aioseo_notices":[],"_links":{"self":[{"href":"https:\/\/infois.ro\/index.php?rest_route=\/wp\/v2\/posts\/2541"}],"collection":[{"href":"https:\/\/infois.ro\/index.php?rest_route=\/wp\/v2\/posts"}],"about":[{"href":"https:\/\/infois.ro\/index.php?rest_route=\/wp\/v2\/types\/post"}],"author":[{"embeddable":true,"href":"https:\/\/infois.ro\/index.php?rest_route=\/wp\/v2\/users\/2"}],"replies":[{"embeddable":true,"href":"https:\/\/infois.ro\/index.php?rest_route=%2Fwp%2Fv2%2Fcomments&post=2541"}],"version-history":[{"count":3,"href":"https:\/\/infois.ro\/index.php?rest_route=\/wp\/v2\/posts\/2541\/revisions"}],"predecessor-version":[{"id":2547,"href":"https:\/\/infois.ro\/index.php?rest_route=\/wp\/v2\/posts\/2541\/revisions\/2547"}],"wp:featuredmedia":[{"embeddable":true,"href":"https:\/\/infois.ro\/index.php?rest_route=\/wp\/v2\/media\/2545"}],"wp:attachment":[{"href":"https:\/\/infois.ro\/index.php?rest_route=%2Fwp%2Fv2%2Fmedia&parent=2541"}],"wp:term":[{"taxonomy":"category","embeddable":true,"href":"https:\/\/infois.ro\/index.php?rest_route=%2Fwp%2Fv2%2Fcategories&post=2541"},{"taxonomy":"post_tag","embeddable":true,"href":"https:\/\/infois.ro\/index.php?rest_route=%2Fwp%2Fv2%2Ftags&post=2541"}],"curies":[{"name":"wp","href":"https:\/\/api.w.org\/{rel}","templated":true}]}}