{"id":25537,"date":"2016-10-04T15:47:38","date_gmt":"2016-10-04T12:47:38","guid":{"rendered":"http:\/\/infois.ro\/?p=25537"},"modified":"2016-10-04T15:47:38","modified_gmt":"2016-10-04T12:47:38","slug":"cj-iasi-premiat-la-gala-premiilor-de-excelenta-in-administratie","status":"publish","type":"post","link":"https:\/\/infois.ro\/?p=25537","title":{"rendered":"CJ Ia\u0219i, premiat la Gala Premiilor de Excelen\u0163\u0103 \u00een administra\u0163ie"},"content":{"rendered":"<p style=\"text-align: justify;\"><a href=\"http:\/\/infois.ro\/wp-content\/uploads\/2016\/10\/premiu.jpg\"><img loading=\"lazy\" decoding=\"async\" class=\"alignleft  wp-image-25538\" src=\"http:\/\/infois.ro\/wp-content\/uploads\/2016\/10\/premiu.jpg\" alt=\"premiu\" width=\"318\" height=\"212\" srcset=\"https:\/\/infois.ro\/wp-content\/uploads\/2016\/10\/premiu.jpg 640w, https:\/\/infois.ro\/wp-content\/uploads\/2016\/10\/premiu-300x200.jpg 300w\" sizes=\"(max-width: 318px) 100vw, 318px\" \/><\/a><\/p>\n<p style=\"text-align: justify;\">Pe data de 29 septembrie 2016 a avut loc cel mai important eveniment al anului din administra\u0163ia public\u0103: cea de-a XII a edi\u0163ie a Galei Premiilor de Excelen\u0163\u0103 Administra\u0163ie.ro, eveniment organizat de Portalul na\u0163ional de Administra\u0163ie public\u0103 <a href=\"http:\/\/www.administratie.ro\/\">www.Administratie.ro<\/a>, \u00eempreun\u0103 cu Oameni \u015fi Companii, av\u00e2nd ca partener Agen\u0163ia Na\u0163ional\u0103 a Func\u0163ionarilor Publici. \u00cen cadrul Galei au fost premiate cele mai importante proiecte derulate \u00een acest an de c\u0103tre institu\u0163iile administra\u0163iei publice locale. Consiliul Jude\u0163ean (CJ) Ia\u015fi a primit \u201cPremiul de excelen\u0163\u0103 pentru cele mai importante proiecte de urbanism\u201d pentru proiectul reabilit\u0103rii M\u0103n\u0103stirii Golia. Consiliul Judetean Ia\u015fi a implementat, al\u0103turi de Prim\u0103ria Ia\u015fi, proiectul Reabilitarea M\u0103n\u0103stirii Golia, \u00een dou\u0103 etape. Proiectul a fost finan\u0163at \u00een cadrul POR 2007-2013. Valoarea total\u0103 a proiectului a fost de 45 milioane lei. Ansamblul cre\u015fte valoarea cultural\u0103 \u015fi turistic\u0103 a zonei, a ora\u015fului \u015fi a \u00eentregii regiuni. \u00a0\u00cen prima etap\u0103 a fost ref\u0103cut l\u0103ca\u015ful de cult, s-a constituit Asocia\u0163ia centrul de promovare turistic\u0103 \u015fi a fost refacut\u0103 strada Cuza Vod\u0103. Aceasta leag\u0103 zona de ansamblul circuitelor istorice din centrul vechi al Ia\u015fului. \u00a0\u201dPrima etap\u0103 a proiectului a primit deja recunoa\u015ftere interna\u0163ional\u0103. Astfel, proiectul a c\u00e2\u015ftigat Premiul Europa Nostra \u015fi al Uniunii Europene, la categoria Conservare, \u00een cadrul Premiilor Uniunii Europene pentru Patrimoniu Cultural (iunie, 2012, Portugalia). \u00cen a doua etap\u0103 a proiectului au fost ref\u0103cute pictura interioar\u0103, stranele \u015fi au fost modernizate str\u0103zile din jurul m\u0103n\u0103stirii. Totodat\u0103, cladirea a fost iluminat\u0103 architectural. \u00cen urma lucr\u0103rilor, s-a reu\u015fit reabilitarea complet\u0103 a picturilor originale, restaurarea fiind asigurat\u0103 de speciali\u015fti care au readus monumentul la frumuse\u0163ea lui de alt\u0103dat\u0103. Proiectul a constituit un exemplu de parteneriat \u00eentre Consiliul Jude\u0163ean \u015fi Prim\u0103ria Ia\u015fi, exemplu de bun\u0103 practic\u0103 ce poate fi urmat \u015fi de alte administra\u0163ii din \u0163ar\u0103\u201d, se precizeaz\u0103 \u00eentr-un comunicat al Biroului de pres\u0103 al CJ Ia\u0219i.<\/p>\n<p style=\"text-align: justify;\">\n","protected":false},"excerpt":{"rendered":"<p>Pe data de 29 septembrie 2016 a avut loc cel mai important eveniment al anului&#8230; <a class=\"meta-more\" href=\"https:\/\/infois.ro\/?p=25537\">more <span class=\"meta-nav\">&raquo;<\/span><\/a><\/p>\n","protected":false},"author":2,"featured_media":25538,"comment_status":"open","ping_status":"closed","sticky":false,"template":"","format":"standard","meta":{"footnotes":""},"categories":[1,41],"tags":[74,8674,395,40,3737,3112,2700],"aioseo_notices":[],"_links":{"self":[{"href":"https:\/\/infois.ro\/index.php?rest_route=\/wp\/v2\/posts\/25537"}],"collection":[{"href":"https:\/\/infois.ro\/index.php?rest_route=\/wp\/v2\/posts"}],"about":[{"href":"https:\/\/infois.ro\/index.php?rest_route=\/wp\/v2\/types\/post"}],"author":[{"embeddable":true,"href":"https:\/\/infois.ro\/index.php?rest_route=\/wp\/v2\/users\/2"}],"replies":[{"embeddable":true,"href":"https:\/\/infois.ro\/index.php?rest_route=%2Fwp%2Fv2%2Fcomments&post=25537"}],"version-history":[{"count":1,"href":"https:\/\/infois.ro\/index.php?rest_route=\/wp\/v2\/posts\/25537\/revisions"}],"predecessor-version":[{"id":25539,"href":"https:\/\/infois.ro\/index.php?rest_route=\/wp\/v2\/posts\/25537\/revisions\/25539"}],"wp:featuredmedia":[{"embeddable":true,"href":"https:\/\/infois.ro\/index.php?rest_route=\/wp\/v2\/media\/25538"}],"wp:attachment":[{"href":"https:\/\/infois.ro\/index.php?rest_route=%2Fwp%2Fv2%2Fmedia&parent=25537"}],"wp:term":[{"taxonomy":"category","embeddable":true,"href":"https:\/\/infois.ro\/index.php?rest_route=%2Fwp%2Fv2%2Fcategories&post=25537"},{"taxonomy":"post_tag","embeddable":true,"href":"https:\/\/infois.ro\/index.php?rest_route=%2Fwp%2Fv2%2Ftags&post=25537"}],"curies":[{"name":"wp","href":"https:\/\/api.w.org\/{rel}","templated":true}]}}