{"id":25548,"date":"2016-10-05T14:04:09","date_gmt":"2016-10-05T11:04:09","guid":{"rendered":"http:\/\/infois.ro\/?p=25548"},"modified":"2016-10-05T14:04:09","modified_gmt":"2016-10-05T11:04:09","slug":"concursul-national-de-gimnastica-aerobica-cupa-iasului-iasigym-la-a-doua-editie","status":"publish","type":"post","link":"https:\/\/infois.ro\/?p=25548","title":{"rendered":"Concursul Na\u0163ional de Gimnastic\u0103 Aerobic\u0103  \u201eCupa Ia\u015fului- IASIGYM\u201d, la a doua edi\u0163ie"},"content":{"rendered":"<p style=\"text-align: justify;\"><a href=\"http:\/\/infois.ro\/wp-content\/uploads\/2016\/10\/concurs.jpg\"><img loading=\"lazy\" decoding=\"async\" class=\"alignleft  wp-image-25550\" src=\"http:\/\/infois.ro\/wp-content\/uploads\/2016\/10\/concurs.jpg\" alt=\"concurs\" width=\"273\" height=\"150\" srcset=\"https:\/\/infois.ro\/wp-content\/uploads\/2016\/10\/concurs.jpg 640w, https:\/\/infois.ro\/wp-content\/uploads\/2016\/10\/concurs-300x165.jpg 300w\" sizes=\"(max-width: 273px) 100vw, 273px\" \/><\/a><\/p>\n<p style=\"text-align: justify;\">\u00cenceputul de octombrie a stat sub semnul activit\u0103\u021bilor nonformale la Palatul Copiilor Ia\u015fi, care a organizat la Ia\u015fi, \u00een incinta Casei de Cultur\u0103 a Studen\u0163ilor Ia\u015fi , a-II-a edi\u0163ie a Concursul Na\u0163ional de Gimnastic\u0103 Aerobic\u0103\u00a0 \u201eCupa Ia\u015fului- IASIGYM\u201d.<\/p>\n<p style=\"text-align: justify;\">La aceast\u0103 manifestare au participat 120 de copii care frecventeaz\u0103 cercurile de gimnastic\u0103 aerobic\u0103 de la Palate \u015fi Cluburi ale Copiilor din tar\u0103: Palatul Na\u0163ional al Copiilor Bucure\u015fti, Clubul Copiilor Sector 1 Bucure\u015fti, Clubul Copiilor Sector 5 Bucure\u015fti, Palatul Copiilor Arad, Clubul Copiilor \u015fi Elevilor Petro\u015fani, Clubul Copiilor Gheorghieni, \u015ecoala Copiilor Minardo Bucure\u015fti \u015fi Palatul Copiilor Ia\u015fi.<\/p>\n<p style=\"text-align: justify;\">Competi\u021bia s-a desf\u0103\u015furat pe categorii de v\u00e2rst\u0103 \u015fi probe de concurs astfel c\u0103 spectatorii prezen\u0163i au putut admira \u015fi aplauda evolu\u0163iile gimna\u015ftilor \u00een 68 de probe de concurs, apreciate de un juriu format din speciali\u015fti \u00een domeniul gimnasticii aerobice: Alina Dragan- director Comitetul Tehnic de Gimnastic\u0103 Aerobic\u0103 din cadrul Federa\u0163iei Rom\u00e2ne de Gimnastic\u0103 \u015fi arbitru F.I.G categoria I, conf. dr. Cristina Moraru- Facultatea de Educa\u0163ie Fizic\u0103 \u015fi Sport Ia\u015fi,prof. \u00a0\u00a0Bogdan Bant\u0103- arbitru F.I.G categoria a IV-a. Eforturile organizatorilor au fost deosebite,condi\u0163iile de competi\u0163ie fiind cele ale unui\u00a0 concurs de nivel na\u0163ional. Sportivii au fost premia\u0163i de sponsori genero\u015fi care au contribuit la reu\u015fita evenimentului.<\/p>\n<p style=\"text-align: justify;\">Echipajul Palatul Copiilor Ia\u015fi, coordonat de prof. Bogdan Bant\u0103, a ob\u0163inut rezultate deosebite, micii gimna\u015fti d\u00e2nd dovada valorii \u015fi muncii depuse \u00een ob\u0163inerea locurilor frunta\u015fe: 12 locuri I, 3 locuri 2, 1 loc III!<br \/>\nParteneri \u00een organizarea evenimentului na\u021bional la Ia\u0219i au fost: Inspectoratul \u015ecolar Jude\u0163ean Ia\u015fi, Inspectoratul Pentru Servicii de Urgen\u0163\u0103 Ia\u015fi, Casa de Cultur\u0103 a Studen\u0163ilor Ia\u015fi, T.V.R. Ia\u015fi, Radio Ia\u015fi, Asocia\u0163ia de\u00a0 p\u0103rin\u0163i a cercului de gimnastic\u0103 aerobic\u0103 de la Palatul Copiilor Ia\u015fi.<\/p>\n<p style=\"text-align: justify;\">\n","protected":false},"excerpt":{"rendered":"<p>\u00cenceputul de octombrie a stat sub semnul activit\u0103\u021bilor nonformale la Palatul Copiilor Ia\u015fi, care a&#8230; <a class=\"meta-more\" href=\"https:\/\/infois.ro\/?p=25548\">more <span class=\"meta-nav\">&raquo;<\/span><\/a><\/p>\n","protected":false},"author":2,"featured_media":25550,"comment_status":"open","ping_status":"closed","sticky":false,"template":"","format":"standard","meta":{"footnotes":""},"categories":[12,41],"tags":[74,362,8677,40,928],"aioseo_notices":[],"_links":{"self":[{"href":"https:\/\/infois.ro\/index.php?rest_route=\/wp\/v2\/posts\/25548"}],"collection":[{"href":"https:\/\/infois.ro\/index.php?rest_route=\/wp\/v2\/posts"}],"about":[{"href":"https:\/\/infois.ro\/index.php?rest_route=\/wp\/v2\/types\/post"}],"author":[{"embeddable":true,"href":"https:\/\/infois.ro\/index.php?rest_route=\/wp\/v2\/users\/2"}],"replies":[{"embeddable":true,"href":"https:\/\/infois.ro\/index.php?rest_route=%2Fwp%2Fv2%2Fcomments&post=25548"}],"version-history":[{"count":1,"href":"https:\/\/infois.ro\/index.php?rest_route=\/wp\/v2\/posts\/25548\/revisions"}],"predecessor-version":[{"id":25551,"href":"https:\/\/infois.ro\/index.php?rest_route=\/wp\/v2\/posts\/25548\/revisions\/25551"}],"wp:featuredmedia":[{"embeddable":true,"href":"https:\/\/infois.ro\/index.php?rest_route=\/wp\/v2\/media\/25550"}],"wp:attachment":[{"href":"https:\/\/infois.ro\/index.php?rest_route=%2Fwp%2Fv2%2Fmedia&parent=25548"}],"wp:term":[{"taxonomy":"category","embeddable":true,"href":"https:\/\/infois.ro\/index.php?rest_route=%2Fwp%2Fv2%2Fcategories&post=25548"},{"taxonomy":"post_tag","embeddable":true,"href":"https:\/\/infois.ro\/index.php?rest_route=%2Fwp%2Fv2%2Ftags&post=25548"}],"curies":[{"name":"wp","href":"https:\/\/api.w.org\/{rel}","templated":true}]}}