{"id":25577,"date":"2016-10-06T06:27:56","date_gmt":"2016-10-06T03:27:56","guid":{"rendered":"http:\/\/infois.ro\/?p=25577"},"modified":"2016-10-06T06:27:56","modified_gmt":"2016-10-06T03:27:56","slug":"parteneriat-incheiat-intre-facultatea-de-informatica-din-iasi-si-companiile-de-it","status":"publish","type":"post","link":"https:\/\/infois.ro\/?p=25577","title":{"rendered":"Parteneriat \u00eencheiat \u00eentre Facultatea de Informatic\u0103 din Ia\u0219i \u0219i companiile de IT"},"content":{"rendered":"<p style=\"text-align: justify;\"><a href=\"http:\/\/infois.ro\/wp-content\/uploads\/2016\/10\/Facultatea_de_Informatica.jpg\"><img loading=\"lazy\" decoding=\"async\" class=\"alignleft  wp-image-25578\" src=\"http:\/\/infois.ro\/wp-content\/uploads\/2016\/10\/Facultatea_de_Informatica.jpg\" alt=\"facultatea_de_informatica\" width=\"263\" height=\"148\" srcset=\"https:\/\/infois.ro\/wp-content\/uploads\/2016\/10\/Facultatea_de_Informatica.jpg 640w, https:\/\/infois.ro\/wp-content\/uploads\/2016\/10\/Facultatea_de_Informatica-300x168.jpg 300w, https:\/\/infois.ro\/wp-content\/uploads\/2016\/10\/Facultatea_de_Informatica-140x80.jpg 140w\" sizes=\"(max-width: 263px) 100vw, 263px\" \/><\/a><\/p>\n<p style=\"text-align: justify;\">Facultatea de Informatic\u0103 a Universit\u0103\u021bii \u201dAlexandru Ioan Cuza\u201d (UAIC) din Ia\u0219i organizeaz\u0103 duminic\u0103, 9 octombrie, de la ora 12.00, \u00a0\u00een Corpul C, et. 1, sala C 308, inaugurarea laboratoarelor C 411, C 412 \u0219i C 413, cu sprijinul a trei companii de prestigiu din mediul IT: Bidefender, Amazon \u0219i GeminiCAD. Potrivit organizatorilor, la deschiderea evenimentului vor lua cuv\u00e2ntul rectorul Universit\u0103\u021bii \u201cAlexandru Ioan Cuza\u201d din Ia\u0219i, prof. univ. dr. Tudorel Toader, primarul municipiului Ia\u0219i, Mihai Chirica, \u0219i reprezentan\u021bi ai celor trei companii de IT, prezen\u021be ce \u00eencurajeaz\u0103 importan\u021ba dezvolt\u0103rii de parteneriate \u00eentre mediul universitar \u0219i mediul de afaceri. Vor fi, de asemenea, prezen\u021bi olimpicii \u00een informatic\u0103, \u0219efii de an ai Facult\u0103\u021bii de Informatic\u0103 \u0219i membri ai Asocia\u021biei Studen\u021bilor Informaticieni Ie\u0219eni (ASII), precum \u0219i profesori din cadrul Facult\u0103\u021bii de Informatic\u0103 a UAIC.<\/p>\n","protected":false},"excerpt":{"rendered":"<p>Facultatea de Informatic\u0103 a Universit\u0103\u021bii \u201dAlexandru Ioan Cuza\u201d (UAIC) din Ia\u0219i organizeaz\u0103 duminic\u0103, 9 octombrie,&#8230; <a class=\"meta-more\" href=\"https:\/\/infois.ro\/?p=25577\">more <span class=\"meta-nav\">&raquo;<\/span><\/a><\/p>\n","protected":false},"author":2,"featured_media":25578,"comment_status":"open","ping_status":"closed","sticky":false,"template":"","format":"standard","meta":{"footnotes":""},"categories":[12,41],"tags":[74,40,2971,928,6648],"aioseo_notices":[],"_links":{"self":[{"href":"https:\/\/infois.ro\/index.php?rest_route=\/wp\/v2\/posts\/25577"}],"collection":[{"href":"https:\/\/infois.ro\/index.php?rest_route=\/wp\/v2\/posts"}],"about":[{"href":"https:\/\/infois.ro\/index.php?rest_route=\/wp\/v2\/types\/post"}],"author":[{"embeddable":true,"href":"https:\/\/infois.ro\/index.php?rest_route=\/wp\/v2\/users\/2"}],"replies":[{"embeddable":true,"href":"https:\/\/infois.ro\/index.php?rest_route=%2Fwp%2Fv2%2Fcomments&post=25577"}],"version-history":[{"count":1,"href":"https:\/\/infois.ro\/index.php?rest_route=\/wp\/v2\/posts\/25577\/revisions"}],"predecessor-version":[{"id":25579,"href":"https:\/\/infois.ro\/index.php?rest_route=\/wp\/v2\/posts\/25577\/revisions\/25579"}],"wp:featuredmedia":[{"embeddable":true,"href":"https:\/\/infois.ro\/index.php?rest_route=\/wp\/v2\/media\/25578"}],"wp:attachment":[{"href":"https:\/\/infois.ro\/index.php?rest_route=%2Fwp%2Fv2%2Fmedia&parent=25577"}],"wp:term":[{"taxonomy":"category","embeddable":true,"href":"https:\/\/infois.ro\/index.php?rest_route=%2Fwp%2Fv2%2Fcategories&post=25577"},{"taxonomy":"post_tag","embeddable":true,"href":"https:\/\/infois.ro\/index.php?rest_route=%2Fwp%2Fv2%2Ftags&post=25577"}],"curies":[{"name":"wp","href":"https:\/\/api.w.org\/{rel}","templated":true}]}}