{"id":25616,"date":"2016-10-08T07:12:02","date_gmt":"2016-10-08T04:12:02","guid":{"rendered":"http:\/\/infois.ro\/?p=25616"},"modified":"2016-10-08T07:12:02","modified_gmt":"2016-10-08T04:12:02","slug":"pasarela-pietonala-de-la-gara-va-fi-reabilitata","status":"publish","type":"post","link":"https:\/\/infois.ro\/?p=25616","title":{"rendered":"Pasarela pietonal\u0103 de la Gar\u0103 va fi reabilitat\u0103"},"content":{"rendered":"<p style=\"text-align: justify;\"><a href=\"http:\/\/infois.ro\/wp-content\/uploads\/2016\/10\/pasarela-de-la-gara.jpg\"><img loading=\"lazy\" decoding=\"async\" class=\"alignleft  wp-image-25617\" src=\"http:\/\/infois.ro\/wp-content\/uploads\/2016\/10\/pasarela-de-la-gara.jpg\" alt=\"pasarela-de-la-gara\" width=\"275\" height=\"206\" srcset=\"https:\/\/infois.ro\/wp-content\/uploads\/2016\/10\/pasarela-de-la-gara.jpg 640w, https:\/\/infois.ro\/wp-content\/uploads\/2016\/10\/pasarela-de-la-gara-300x225.jpg 300w\" sizes=\"(max-width: 275px) 100vw, 275px\" \/><\/a><\/p>\n<p style=\"text-align: justify;\">Prim\u0103ria municipiului Ia\u0219i a finalizat \u00een aceast\u0103 s\u0103pt\u0103m\u00e2n\u0103 studiul de fezabilitate \u00een vederea execut\u0103rii lucr\u0103rilor de reabilitare a a pasarelei pietonale de la Gar\u0103, care face leg\u0103tura cu cartierul Alexandru cel Bun. Dup\u0103 cum a anun\u021bat primarul Mihai Chirica, vineri, \u00eentr-o conferin\u021b\u0103 de pres\u0103, modernizarea pasarelei pietonale de la Gar\u0103 va cuprinde, printre altele, pe l\u00e2ng\u0103 faptul c\u0103 se va interveni pentru consolidarea structurii de rezisten\u021b\u0103 a construc\u021biei, acoperirea acesteia, flacarea ei cu panouri din plexiglas, dotarea acesteia cu sisteme de acces pentru persoanele cu handicap, repararea sc\u0103rilor de acces, precum \u0219i iluminarea acesteia pe timpul nop\u021bii. Potrivit studiului de fezabilitate, valoarea estimat\u0103 a lucr\u0103rilor se ridic\u0103 la aproximativ 3,3 milioane de lei. Pasarela de la Gar\u0103, construit\u0103 \u00een urm\u0103 cu 40 de ani, se afl\u0103 \u00een prezent \u00eentr-o avansat\u0103 stare de degradare, pun\u00e2nd \u00een pericol via\u021ba trec\u0103torilor.<\/p>\n","protected":false},"excerpt":{"rendered":"<p>Prim\u0103ria municipiului Ia\u0219i a finalizat \u00een aceast\u0103 s\u0103pt\u0103m\u00e2n\u0103 studiul de fezabilitate \u00een vederea execut\u0103rii lucr\u0103rilor&#8230; <a class=\"meta-more\" href=\"https:\/\/infois.ro\/?p=25616\">more <span class=\"meta-nav\">&raquo;<\/span><\/a><\/p>\n","protected":false},"author":2,"featured_media":25617,"comment_status":"open","ping_status":"closed","sticky":false,"template":"","format":"standard","meta":{"footnotes":""},"categories":[1,41],"tags":[74,3543,40,7757,4757],"aioseo_notices":[],"_links":{"self":[{"href":"https:\/\/infois.ro\/index.php?rest_route=\/wp\/v2\/posts\/25616"}],"collection":[{"href":"https:\/\/infois.ro\/index.php?rest_route=\/wp\/v2\/posts"}],"about":[{"href":"https:\/\/infois.ro\/index.php?rest_route=\/wp\/v2\/types\/post"}],"author":[{"embeddable":true,"href":"https:\/\/infois.ro\/index.php?rest_route=\/wp\/v2\/users\/2"}],"replies":[{"embeddable":true,"href":"https:\/\/infois.ro\/index.php?rest_route=%2Fwp%2Fv2%2Fcomments&post=25616"}],"version-history":[{"count":1,"href":"https:\/\/infois.ro\/index.php?rest_route=\/wp\/v2\/posts\/25616\/revisions"}],"predecessor-version":[{"id":25618,"href":"https:\/\/infois.ro\/index.php?rest_route=\/wp\/v2\/posts\/25616\/revisions\/25618"}],"wp:featuredmedia":[{"embeddable":true,"href":"https:\/\/infois.ro\/index.php?rest_route=\/wp\/v2\/media\/25617"}],"wp:attachment":[{"href":"https:\/\/infois.ro\/index.php?rest_route=%2Fwp%2Fv2%2Fmedia&parent=25616"}],"wp:term":[{"taxonomy":"category","embeddable":true,"href":"https:\/\/infois.ro\/index.php?rest_route=%2Fwp%2Fv2%2Fcategories&post=25616"},{"taxonomy":"post_tag","embeddable":true,"href":"https:\/\/infois.ro\/index.php?rest_route=%2Fwp%2Fv2%2Ftags&post=25616"}],"curies":[{"name":"wp","href":"https:\/\/api.w.org\/{rel}","templated":true}]}}