{"id":25673,"date":"2016-10-11T09:45:47","date_gmt":"2016-10-11T06:45:47","guid":{"rendered":"http:\/\/infois.ro\/?p=25673"},"modified":"2016-10-11T09:45:47","modified_gmt":"2016-10-11T06:45:47","slug":"acorduri-de-colaborare-intre-administratiile-locale-din-judetul-iasi-si-republica-moldova","status":"publish","type":"post","link":"https:\/\/infois.ro\/?p=25673","title":{"rendered":"Acorduri de colaborare \u00eentre administra\u021biile locale din jude\u021bul Ia\u0219i \u0219i Republica Moldova"},"content":{"rendered":"<p style=\"text-align: justify;\"><a href=\"http:\/\/infois.ro\/wp-content\/uploads\/2016\/10\/forum.jpg\"><img loading=\"lazy\" decoding=\"async\" class=\"alignleft  wp-image-25674\" src=\"http:\/\/infois.ro\/wp-content\/uploads\/2016\/10\/forum.jpg\" alt=\"forum\" width=\"288\" height=\"192\" srcset=\"https:\/\/infois.ro\/wp-content\/uploads\/2016\/10\/forum.jpg 640w, https:\/\/infois.ro\/wp-content\/uploads\/2016\/10\/forum-300x200.jpg 300w\" sizes=\"(max-width: 288px) 100vw, 288px\" \/><\/a><\/p>\n<p style=\"text-align: justify;\">\u00cen perioada 8-9 octombrie s-a desf\u0103\u0219urat la Ungheni (Republica Moldova), Forumul Regional \u201dCooperare regional\u0103: noi parteneriate &#8211; noi oportunit\u0103\u0163i\u201d, organizat de Consiliul Raional Ungheni, \u00een parteneriat cu Asocia\u021bia Euroregiunea Siret-Prut-Nistru. Scopul evenimentului a fost de a ini\u021bia acorduri de colaborare \u00eentre administra\u021bii publice locale din raionul Ungheni, Republica Moldova \u0219i jude\u021bul Ia\u0219i, Rom\u00e2nia. Au participat 16 prim\u0103rii din jude\u021bul Ia\u0219i, Rom\u00e2nia \u0219i 16 prim\u0103rii din raionul Ungheni, Republica Moldova, care au semnat scrisorile de inten\u021bie pentru acordul de colaborare (\u00eenfr\u0103\u021bire). &#8220;Sunt convins c\u0103 aceste acorduri vor fi de bun augur pentru to\u0163i rom\u00e2nii din Republica Moldova \u015fi din Rom\u00e2nia \u015fi se vor concretiza \u00een proiecte frumoase \u015fi de durat\u0103. To\u0163i trebuie s\u0103 ne aducem contribu\u0163ia pentru a crea o legatur\u0103 din ce \u00een ce mai consolidat\u0103 \u015fi puternic\u0103 \u00eentre comunit\u0103\u0163ile noastre. Asum\u00e2ndu-ne \u00eempreun\u0103 aceste \u00eenfr\u0103\u0163iri, ne asum\u0103m \u015fi strategia de consolidare a comunit\u0103\u0163ilor locale, dar \u015fi dezvoltarea lor. Scopul nostru este de a \u00eembun\u0103t\u0103\u0163i, din toate punctele de vedere situa\u0163ia jude\u0163elor, ora\u015felor \u015fi satelor \u00een fruntea c\u0103rora ne afl\u0103m&#8221; a decarat Maricel Popa, pre\u0219edintele Consiliului Jude\u021bean (CJ) Ia\u0219i, pre\u0219edintele Euroregiunii Siret-Prut-Nistru. La eveniment au mai participat Dumitru Buzatu, pre\u0219edintele Consiliului Jude\u021bean Vaslui, Neculai Vitelaru, pre\u015fedintele Patronatului \u00centreprinderilor Mici \u015fi Mijlocii, Regiunea Nord-Est, Rom\u00e2nia, Petru Li\u0163iu, consul Biroul Consular al Rom\u00e2niei \u00een Ungheni, Ludmila Guzun, pre\u0219edintele Raionului Ungheni, Iulia Iabanji, director general Organiza\u021bia pentru Dezvoltarea Sectorului \u00centreprinderilor Mici \u0219i Mijlocii Republica Moldova, Anne-Marie Scotto, Operation Village Roumains Fran\u0163a, Francisc Giurgiu, Operation Village Roumains Rom\u00e2nia, Mihail Burlaka, pre\u015fedintele Consiliului Raional Ber\u015fad, Ucraina, reprezentan\u021bi ai Ministerului Dezvolt\u0103rii Regionale \u015fi Construc\u0163iilor \u0219i Camerei de Comer\u0163 \u015fi Industrie a Republicii Moldova, primari ai comunelor din jude\u0163ul Ia\u015fi \u015fi raioanelor din Republica Moldova.<\/p>\n","protected":false},"excerpt":{"rendered":"<p>\u00cen perioada 8-9 octombrie s-a desf\u0103\u0219urat la Ungheni (Republica Moldova), Forumul Regional \u201dCooperare regional\u0103: noi&#8230; <a class=\"meta-more\" href=\"https:\/\/infois.ro\/?p=25673\">more <span class=\"meta-nav\">&raquo;<\/span><\/a><\/p>\n","protected":false},"author":2,"featured_media":25674,"comment_status":"open","ping_status":"closed","sticky":false,"template":"","format":"standard","meta":{"footnotes":""},"categories":[1],"tags":[7848,547,4640,8701],"aioseo_notices":[],"_links":{"self":[{"href":"https:\/\/infois.ro\/index.php?rest_route=\/wp\/v2\/posts\/25673"}],"collection":[{"href":"https:\/\/infois.ro\/index.php?rest_route=\/wp\/v2\/posts"}],"about":[{"href":"https:\/\/infois.ro\/index.php?rest_route=\/wp\/v2\/types\/post"}],"author":[{"embeddable":true,"href":"https:\/\/infois.ro\/index.php?rest_route=\/wp\/v2\/users\/2"}],"replies":[{"embeddable":true,"href":"https:\/\/infois.ro\/index.php?rest_route=%2Fwp%2Fv2%2Fcomments&post=25673"}],"version-history":[{"count":1,"href":"https:\/\/infois.ro\/index.php?rest_route=\/wp\/v2\/posts\/25673\/revisions"}],"predecessor-version":[{"id":25675,"href":"https:\/\/infois.ro\/index.php?rest_route=\/wp\/v2\/posts\/25673\/revisions\/25675"}],"wp:featuredmedia":[{"embeddable":true,"href":"https:\/\/infois.ro\/index.php?rest_route=\/wp\/v2\/media\/25674"}],"wp:attachment":[{"href":"https:\/\/infois.ro\/index.php?rest_route=%2Fwp%2Fv2%2Fmedia&parent=25673"}],"wp:term":[{"taxonomy":"category","embeddable":true,"href":"https:\/\/infois.ro\/index.php?rest_route=%2Fwp%2Fv2%2Fcategories&post=25673"},{"taxonomy":"post_tag","embeddable":true,"href":"https:\/\/infois.ro\/index.php?rest_route=%2Fwp%2Fv2%2Ftags&post=25673"}],"curies":[{"name":"wp","href":"https:\/\/api.w.org\/{rel}","templated":true}]}}