{"id":25715,"date":"2016-10-12T19:16:28","date_gmt":"2016-10-12T16:16:28","guid":{"rendered":"http:\/\/infois.ro\/?p=25715"},"modified":"2016-10-13T13:55:36","modified_gmt":"2016-10-13T10:55:36","slug":"controverse-intre-primar-si-directorul-aeroportului-in-legatura-cu-amplasamentul-viitorului-spital-regional-de-urgente-de-la-iasi","status":"publish","type":"post","link":"https:\/\/infois.ro\/?p=25715","title":{"rendered":"Controverse \u00eentre primar \u0219i directorul Aeroportului \u00een leg\u0103tur\u0103 cu amplasamentul viitorului spital regional de urgen\u021be de la Ia\u0219i"},"content":{"rendered":"<p style=\"text-align: justify;\"><a href=\"http:\/\/infois.ro\/wp-content\/uploads\/2016\/03\/macheta-spital-de-urgente.jpg\"><img loading=\"lazy\" decoding=\"async\" class=\"alignleft  wp-image-22488\" src=\"http:\/\/infois.ro\/wp-content\/uploads\/2016\/03\/macheta-spital-de-urgente.jpg\" alt=\"macheta spital de urgente\" width=\"334\" height=\"250\" srcset=\"https:\/\/infois.ro\/wp-content\/uploads\/2016\/03\/macheta-spital-de-urgente.jpg 640w, https:\/\/infois.ro\/wp-content\/uploads\/2016\/03\/macheta-spital-de-urgente-300x225.jpg 300w\" sizes=\"(max-width: 334px) 100vw, 334px\" \/><\/a><\/p>\n<p style=\"text-align: justify;\">Primarul Mihai Chirica a anun\u021bat miercuri, \u00eentr-o conferin\u021b\u0103 de pres\u0103, c\u0103 amplasamentul din zona Moara de V\u00e2nt a viitorului Spital Regional de Urgen\u021be de la Ia\u0219i \u00eendepline\u0219te toate condi\u021biile pentru ridicarea unor imobile cu P+5 etaje, f\u0103r\u0103 a influen\u021ba, astfel, traseele aeronavelor care aterizeaz\u0103\/decoleaz\u0103 pe \u0219i de pe Aeroportul Interna\u021bional Ia\u0219i. \u0218eful municipalit\u0103\u021bii ie\u0219ene l-a criticat pe pre\u0219edintele Consiliului de Administra\u021biei (CA) al Aeroportului Ia\u0219i, Marius Bodea, c\u0103 ar fi \u00eencercat s\u0103 influen\u021beze Guvernul pentru stabilirea unei alte loca\u021bii pentru spitalul regional de urgen\u021be, respectiv \u00een zona Valea Ursului (comuna Miroslava). \u201dVoi depune o pl\u00e2ngere \u0219i la nivelul Autorit\u0103\u021bii Aeronautice Rom\u00e2ne \u0219i la Ministerul Public asupra acestei teme, pentru c\u0103 ea reliefeaz\u0103 ceea ce s-a \u00eent\u00e2mplat de fiecare dat\u0103 \u0219i anume c\u0103 exist\u0103 oameni care nu urm\u0103resc dec\u00e2t interese personale, de grup, de partid \u0219i nicidecum interesele comunit\u0103\u021bii. Este o mare ru\u0219ine c\u0103 am putut asista \u0219i am putut citi o asemenea scrisoare. \u00cen loc s\u0103 vin\u0103 \u0219i s\u0103 pun\u0103 um\u0103rul la o asemenea investi\u021bie, domnul Bodea a pus numai piedici unui astfel de proiect\u201d, a declarat primarul Mihai Chirica. Amplasamentul Spitalului Regional de Urgen\u021be de la Ia\u0219i va fi anun\u021bat oficial peste o lun\u0103, el urm\u00e2nd s\u0103 fie ales \u00eentre loca\u021bia de la Valea Ursului (comuna Miroslava) \u0219i cea din zona Moara de V\u00e2nt (municipiul Ia\u0219i).<\/p>\n","protected":false},"excerpt":{"rendered":"<p>Primarul Mihai Chirica a anun\u021bat miercuri, \u00eentr-o conferin\u021b\u0103 de pres\u0103, c\u0103 amplasamentul din zona Moara&#8230; <a class=\"meta-more\" href=\"https:\/\/infois.ro\/?p=25715\">more <span class=\"meta-nav\">&raquo;<\/span><\/a><\/p>\n","protected":false},"author":2,"featured_media":22488,"comment_status":"open","ping_status":"closed","sticky":false,"template":"","format":"standard","meta":{"footnotes":""},"categories":[1,41],"tags":[74,465,6508,40,8715,8714],"aioseo_notices":[],"_links":{"self":[{"href":"https:\/\/infois.ro\/index.php?rest_route=\/wp\/v2\/posts\/25715"}],"collection":[{"href":"https:\/\/infois.ro\/index.php?rest_route=\/wp\/v2\/posts"}],"about":[{"href":"https:\/\/infois.ro\/index.php?rest_route=\/wp\/v2\/types\/post"}],"author":[{"embeddable":true,"href":"https:\/\/infois.ro\/index.php?rest_route=\/wp\/v2\/users\/2"}],"replies":[{"embeddable":true,"href":"https:\/\/infois.ro\/index.php?rest_route=%2Fwp%2Fv2%2Fcomments&post=25715"}],"version-history":[{"count":1,"href":"https:\/\/infois.ro\/index.php?rest_route=\/wp\/v2\/posts\/25715\/revisions"}],"predecessor-version":[{"id":25716,"href":"https:\/\/infois.ro\/index.php?rest_route=\/wp\/v2\/posts\/25715\/revisions\/25716"}],"wp:featuredmedia":[{"embeddable":true,"href":"https:\/\/infois.ro\/index.php?rest_route=\/wp\/v2\/media\/22488"}],"wp:attachment":[{"href":"https:\/\/infois.ro\/index.php?rest_route=%2Fwp%2Fv2%2Fmedia&parent=25715"}],"wp:term":[{"taxonomy":"category","embeddable":true,"href":"https:\/\/infois.ro\/index.php?rest_route=%2Fwp%2Fv2%2Fcategories&post=25715"},{"taxonomy":"post_tag","embeddable":true,"href":"https:\/\/infois.ro\/index.php?rest_route=%2Fwp%2Fv2%2Ftags&post=25715"}],"curies":[{"name":"wp","href":"https:\/\/api.w.org\/{rel}","templated":true}]}}