{"id":25894,"date":"2016-10-22T16:02:05","date_gmt":"2016-10-22T13:02:05","guid":{"rendered":"http:\/\/infois.ro\/?p=25894"},"modified":"2016-10-22T16:02:05","modified_gmt":"2016-10-22T13:02:05","slug":"parteneriat-intre-veolia-energie-si-colegiul-tehnic-dimitrie-leonida","status":"publish","type":"post","link":"https:\/\/infois.ro\/?p=25894","title":{"rendered":"Parteneriat \u00eentre Veolia Energie \u015fi Colegiul Tehnic &#8220;Dimitrie Leonida&#8221;"},"content":{"rendered":"<p style=\"text-align: justify;\"><a href=\"http:\/\/infois.ro\/wp-content\/uploads\/2016\/10\/elevi-1.jpg\"><img loading=\"lazy\" decoding=\"async\" class=\"alignleft  wp-image-25895\" src=\"http:\/\/infois.ro\/wp-content\/uploads\/2016\/10\/elevi-1.jpg\" alt=\"elevi\" width=\"331\" height=\"220\" srcset=\"https:\/\/infois.ro\/wp-content\/uploads\/2016\/10\/elevi-1.jpg 640w, https:\/\/infois.ro\/wp-content\/uploads\/2016\/10\/elevi-1-300x199.jpg 300w\" sizes=\"(max-width: 331px) 100vw, 331px\" \/><\/a><\/p>\n<p style=\"text-align: justify;\">\u00cen s\u0103pt\u0103m\u00e2na 24-28 octombrie, la Colegiul Tehnic &#8220;Dimitrie Leonida&#8221; din Ia\u015fi se desf\u0103\u0219oar\u0103 programul\u00a0<em>\u0218coala Altfel<\/em>. Una dintre activit\u0103\u021bile ce se vor desf\u0103\u0219ura \u00een cadrul acestui program este workshop-ul\u00a0&#8220;<em>PARTENERI PENTRU VIITOR&#8221;<\/em>, ocazie cu care va avea loc lansarea oficial\u0103 a parteneriatului dintre VEOLIA ENERGIE \u0219i COLEGIUL TEHNIC &#8220;DIMITRIE LEONIDA&#8221; IA\u015eI, prin intermediul c\u0103ruia elevii colegiului vor desf\u0103\u0219ura pregatirea practic\u0103 la Veolia Energie \u015fi vor beneficia de lec\u021bii \u0219i demonstra\u021bii practice realizate de speciali\u0219tii companiei, \u00eempreun\u0103 cu cadrele didactice. &#8220;\u00cen acest an \u0219colar, pe baza parteneriatului dintre cele dou\u0103 unit\u0103\u021bi, elevii\u00a0desf\u0103\u0219oar\u0103 stagii practice \u00een cadrul companiei Veolia Energie, compania asigur\u00e2ndu-le echipament individual de protec\u021bie,\u00a0\u00eenc\u0103l\u021b\u0103minte de protec\u021bie, transportul \u0219i programe de instruire dedicate. De asemenea, cei doi parteneri vor implementa \u00eencep\u00e2nd cu anul \u0219colar viitor, un proiect privind realizarea unei clase de elevi cu calific\u0103ri necesare \u00een cadrul companiei&#8221;, a precizat prof. ing. Cosmin Pintilie, purt\u0103tor de cuv\u00e2nt &amp; Responsabil Practic\u0103 \u00een cadrul Colegiului Tehnic &#8220;Dimitrie Leonida&#8221; din Ia\u015fi. Lansarea oficial\u0103 a parteneriatului va avea loc joi, 27 octombrie, \u00eencep\u00e2nd cu ora 11.00.<\/p>\n","protected":false},"excerpt":{"rendered":"<p>\u00cen s\u0103pt\u0103m\u00e2na 24-28 octombrie, la Colegiul Tehnic &#8220;Dimitrie Leonida&#8221; din Ia\u015fi se desf\u0103\u0219oar\u0103 programul\u00a0\u0218coala Altfel&#8230;. <a class=\"meta-more\" href=\"https:\/\/infois.ro\/?p=25894\">more <span class=\"meta-nav\">&raquo;<\/span><\/a><\/p>\n","protected":false},"author":2,"featured_media":25895,"comment_status":"open","ping_status":"closed","sticky":false,"template":"","format":"standard","meta":{"footnotes":""},"categories":[12],"tags":[8753,928,8754,3916],"aioseo_notices":[],"_links":{"self":[{"href":"https:\/\/infois.ro\/index.php?rest_route=\/wp\/v2\/posts\/25894"}],"collection":[{"href":"https:\/\/infois.ro\/index.php?rest_route=\/wp\/v2\/posts"}],"about":[{"href":"https:\/\/infois.ro\/index.php?rest_route=\/wp\/v2\/types\/post"}],"author":[{"embeddable":true,"href":"https:\/\/infois.ro\/index.php?rest_route=\/wp\/v2\/users\/2"}],"replies":[{"embeddable":true,"href":"https:\/\/infois.ro\/index.php?rest_route=%2Fwp%2Fv2%2Fcomments&post=25894"}],"version-history":[{"count":1,"href":"https:\/\/infois.ro\/index.php?rest_route=\/wp\/v2\/posts\/25894\/revisions"}],"predecessor-version":[{"id":25896,"href":"https:\/\/infois.ro\/index.php?rest_route=\/wp\/v2\/posts\/25894\/revisions\/25896"}],"wp:featuredmedia":[{"embeddable":true,"href":"https:\/\/infois.ro\/index.php?rest_route=\/wp\/v2\/media\/25895"}],"wp:attachment":[{"href":"https:\/\/infois.ro\/index.php?rest_route=%2Fwp%2Fv2%2Fmedia&parent=25894"}],"wp:term":[{"taxonomy":"category","embeddable":true,"href":"https:\/\/infois.ro\/index.php?rest_route=%2Fwp%2Fv2%2Fcategories&post=25894"},{"taxonomy":"post_tag","embeddable":true,"href":"https:\/\/infois.ro\/index.php?rest_route=%2Fwp%2Fv2%2Ftags&post=25894"}],"curies":[{"name":"wp","href":"https:\/\/api.w.org\/{rel}","templated":true}]}}