{"id":25923,"date":"2016-10-25T13:10:52","date_gmt":"2016-10-25T10:10:52","guid":{"rendered":"http:\/\/infois.ro\/?p=25923"},"modified":"2016-10-25T13:10:52","modified_gmt":"2016-10-25T10:10:52","slug":"noi-licitatii-pentru-inchirierea-locurilor-de-parcare-din-cartiere","status":"publish","type":"post","link":"https:\/\/infois.ro\/?p=25923","title":{"rendered":"Noi licita\u0163ii pentru \u00eenchirierea locurilor de parcare din cartiere"},"content":{"rendered":"<p style=\"text-align: justify;\"><a href=\"http:\/\/infois.ro\/wp-content\/uploads\/2016\/05\/parcare.jpg\"><img loading=\"lazy\" decoding=\"async\" class=\"alignleft  wp-image-23582\" src=\"http:\/\/infois.ro\/wp-content\/uploads\/2016\/05\/parcare.jpg\" alt=\"parcare\" width=\"344\" height=\"193\" srcset=\"https:\/\/infois.ro\/wp-content\/uploads\/2016\/05\/parcare.jpg 640w, https:\/\/infois.ro\/wp-content\/uploads\/2016\/05\/parcare-300x168.jpg 300w, https:\/\/infois.ro\/wp-content\/uploads\/2016\/05\/parcare-140x80.jpg 140w\" sizes=\"(max-width: 344px) 100vw, 344px\" \/><\/a><\/p>\n<p style=\"text-align: justify;\">\u00cen perioada urm\u0103toare, Prim\u0103ria va organiza mai multe licita\u0163ii pentru \u00eenchirierea de locuri de parcare \u00een cartiere. Prima dintre acestea este programat\u0103 luni, 31 octombrie, de la ora 14.00, \u015fi va viza \u00eenchirierea a trei locuri de parcare, cu nr. 2, 9 \u015fi 11, situate \u00een strada Bucium, nr. 19. Imobilele cu drept de participare la licita\u0163ie sunt blocurile B1, B22 \u015fi B23, iar data limit\u0103 de depunere a dosarelor este 28 octombrie, ora 13.00. Pe 1 noiembrie, \u00eencep\u00e2nd cu ora 14.00, va avea loc o licita\u0163ia privind \u00eenchirierea a \u0219ase locuri de parcare, cu nr. 1, 13, 16, 17, 24 \u015fi 28, situate \u00een strada Ciurchi, nr. 99. Imobilele cu drept de participare la licita\u0163ie sunt D6, D7, P9, P10, F7 \u015fi S1. Data limit\u0103 de depunere a dosarelor este 31 octombrie, ora 13.00. \u00cen data de 2 noiembrie, de la ora 14.00, Prim\u0103ria va organiza licita\u0163ia public\u0103 cu strigare pentru \u00eenchirierea a cinci locuri de parcare, cu nr. 24, 59, 63, 77 \u015fi 80, situate \u00een bulevardul \u015etefan cel Mare \u015fi Sf\u00e2nt, nr. 3. Imobilele cu drept de participare la licita\u0163ie sunt blocurile B1, B2, A1-1, A1-2 \u015fi A2. Data limita de depunere a dosarelor este 1 noiembrie, ora 13.00. Pe 7 noiembrie, de la ora 14.00, Prim\u0103ria va organiza licita\u0163ia public\u0103 cu strigare pentru \u00eenchirierea a 21 locuri de parcare, cu nr. 1-21, situate \u00een bulevardul Poitiers, nr. 63. Imobilele cu drept de participare la licita\u0163ie sunt blocurile 1A, 1B \u015fi G2. Data limita de depunere a dosarelor este 4 noiembrie, ora 13.00. Potrivit reprezentan\u0163ilor municipalit\u0103\u0163ii, licita\u0163iile vor avea loc la sediul Direc\u0163iei de Administrare a Patrimoniului Public \u015fi Privat (DAPPP) din \u0218oseaua Na\u0163ional\u0103 nr. 43, et. 6. Pre\u0163ul documenta\u0163iei este de 10 lei\/loc, iar taxa de participare 5 lei\/loc. Garan\u0163ia de participare este de 50 lei\/loc. Rela\u0163ii suplimentare privind procurarea documenta\u0163iei \u015fi condi\u0163iile de participare se pot ob\u0163ine de la DAPPP, \u015eoseaua Na\u0163ional\u0103, nr. 43, et. 4, cam. 15, telefon 0232\/264246 (interior 43). Program cu publicul: luni, miercuri \u015fi vineri: orele 9.00-13.00; mar\u021bi \u015fi joi: orele 12.00-15.00.<\/p>\n<p>&nbsp;<\/p>\n","protected":false},"excerpt":{"rendered":"<p>\u00cen perioada urm\u0103toare, Prim\u0103ria va organiza mai multe licita\u0163ii pentru \u00eenchirierea de locuri de parcare&#8230; <a class=\"meta-more\" href=\"https:\/\/infois.ro\/?p=25923\">more <span class=\"meta-nav\">&raquo;<\/span><\/a><\/p>\n","protected":false},"author":2,"featured_media":23582,"comment_status":"open","ping_status":"closed","sticky":false,"template":"","format":"standard","meta":{"footnotes":""},"categories":[1,41],"tags":[74,6227,40,846,2476],"aioseo_notices":[],"_links":{"self":[{"href":"https:\/\/infois.ro\/index.php?rest_route=\/wp\/v2\/posts\/25923"}],"collection":[{"href":"https:\/\/infois.ro\/index.php?rest_route=\/wp\/v2\/posts"}],"about":[{"href":"https:\/\/infois.ro\/index.php?rest_route=\/wp\/v2\/types\/post"}],"author":[{"embeddable":true,"href":"https:\/\/infois.ro\/index.php?rest_route=\/wp\/v2\/users\/2"}],"replies":[{"embeddable":true,"href":"https:\/\/infois.ro\/index.php?rest_route=%2Fwp%2Fv2%2Fcomments&post=25923"}],"version-history":[{"count":1,"href":"https:\/\/infois.ro\/index.php?rest_route=\/wp\/v2\/posts\/25923\/revisions"}],"predecessor-version":[{"id":25924,"href":"https:\/\/infois.ro\/index.php?rest_route=\/wp\/v2\/posts\/25923\/revisions\/25924"}],"wp:featuredmedia":[{"embeddable":true,"href":"https:\/\/infois.ro\/index.php?rest_route=\/wp\/v2\/media\/23582"}],"wp:attachment":[{"href":"https:\/\/infois.ro\/index.php?rest_route=%2Fwp%2Fv2%2Fmedia&parent=25923"}],"wp:term":[{"taxonomy":"category","embeddable":true,"href":"https:\/\/infois.ro\/index.php?rest_route=%2Fwp%2Fv2%2Fcategories&post=25923"},{"taxonomy":"post_tag","embeddable":true,"href":"https:\/\/infois.ro\/index.php?rest_route=%2Fwp%2Fv2%2Ftags&post=25923"}],"curies":[{"name":"wp","href":"https:\/\/api.w.org\/{rel}","templated":true}]}}