{"id":25983,"date":"2016-10-31T08:37:38","date_gmt":"2016-10-31T06:37:38","guid":{"rendered":"http:\/\/infois.ro\/?p=25983"},"modified":"2016-10-31T08:37:38","modified_gmt":"2016-10-31T06:37:38","slug":"doua-noi-tronsoane-de-cale-de-rulare-a-tramvaielor-modernizate-de-primarie","status":"publish","type":"post","link":"https:\/\/infois.ro\/?p=25983","title":{"rendered":"Dou\u0103 noi tronsoane de cale de rulare a tramvaielor, modernizate de Prim\u0103rie"},"content":{"rendered":"<p style=\"text-align: justify;\"><a href=\"http:\/\/infois.ro\/wp-content\/uploads\/2016\/10\/tramvai.jpg\"><img loading=\"lazy\" decoding=\"async\" class=\"alignleft  wp-image-25985\" src=\"http:\/\/infois.ro\/wp-content\/uploads\/2016\/10\/tramvai.jpg\" alt=\"tramvai\" width=\"306\" height=\"290\" srcset=\"https:\/\/infois.ro\/wp-content\/uploads\/2016\/10\/tramvai.jpg 640w, https:\/\/infois.ro\/wp-content\/uploads\/2016\/10\/tramvai-300x285.jpg 300w\" sizes=\"(max-width: 306px) 100vw, 306px\" \/><\/a><\/p>\n<p style=\"text-align: justify;\">\u00cen cadrul \u015fedin\u0163ei ordinare a Consiliului Local Municipal (CLM), programat\u0103 luni, 31 octombrie, \u00eencep\u00e2nd cu ora 13.00, \u00een Sala Mare a Prim\u0103riei, ale\u015fii locali vor lua \u00een discu\u0163ie, printre altele, aprobarea indicatorilor tehnico-economici privind modernizarea a dou\u0103 tronsoane de cale de rulare a tramvaielor. Este vorba despre por\u0163iunea cuprins\u0103 \u00eentre Podu Ro\u015f \u015fi Ia\u015fitex (Bulevardul \u0162u\u0163ora) \u015fi, respectiv, de tronsonul cuprins \u00eentre TEPRO \u015fi Fabrica de c\u0103r\u0103mid\u0103\u00a0(Calea Chi\u015fin\u0103ului). &#8220;Prima lucrare este \u00een valoare de dou\u0103 milioane de euro, iar cea de-a doua de opt milioane de euro. Lucr\u0103rile, care fac parte din planul de investi\u0163ii privind modernizarea transportului \u00een comun din municipiul Ia\u015fi, vor fi executate doar \u00een contextul finan\u0163\u0103rii europene nerambursabile. Dup\u0103 cum se cunoa\u015fte, 85% din aloc\u0103rile europene nerambursabile pe care municipiul Ia\u015fi urmeaz\u0103 s\u0103 le primeasc\u0103 anul viitor sunt destinate moderniz\u0103rii transportului \u00een comun&#8221;, a anun\u0163at primarul Mihai Chirica, duminic\u0103, \u00eentr-o conferin\u0163\u0103 de pres\u0103. Acesta a ad\u0103ugat c\u0103, pe l\u00e2ng\u0103 modernizarea celor dou\u0103 trosoane de drum, ai c\u0103ror indicatori tehnico-economici urmeaz\u0103 s\u0103 fie aproba\u0163i \u00een \u015fedin\u0163a de luni a CLM, municipalitatea mai are \u00een vedere, pentru anul viitor, \u015fi reabilitarea c\u0103ii de rulare a tramvaielor din cartierul Canta, precum \u015fi por\u0163iunea cuprins\u0103 \u00eentre Tg. Cucu \u015fi T\u0103t\u0103ra\u015fi Nord. \u00cen alt\u0103 ordine de idei, primarul Ia\u015fului a mai anun\u0163at c\u0103 \u00een urma discu\u0163iilor purtate cu reprezentan\u0163ii B\u0103ncii Europene pentru Reconstruc\u0163ie \u015fi Dezvoltare (BERD) s-a convenit ca plata \u00eemprumutului pe care municipalitatea l-a contractat \u00een vederea achizi\u0163ion\u0103rii celor 85 de autobuze noi s\u0103 fie f\u0103cut\u0103 \u00een lei. Perioada de rambursare a creditului, \u00een valoare de 15 milioane de euro, este de \u015fapte ani, f\u0103r\u0103 perioad\u0103 de gra\u0163ie. Primele autobuze noi, care vor fi achizi\u0163ionate de Prim\u0103rie \u00een urma \u00eemprumutului de la BERD, urmeaz\u0103 s\u0103 soseasc\u0103 la Ia\u015fi \u00een cel de-al doilea trimestru al anului viitor, a mai precizat primarul Mihai Chirica.<\/p>\n","protected":false},"excerpt":{"rendered":"<p>\u00cen cadrul \u015fedin\u0163ei ordinare a Consiliului Local Municipal (CLM), programat\u0103 luni, 31 octombrie, \u00eencep\u00e2nd cu&#8230; <a class=\"meta-more\" href=\"https:\/\/infois.ro\/?p=25983\">more <span class=\"meta-nav\">&raquo;<\/span><\/a><\/p>\n","protected":false},"author":2,"featured_media":25985,"comment_status":"open","ping_status":"closed","sticky":false,"template":"","format":"standard","meta":{"footnotes":""},"categories":[1,41],"tags":[74,5121,395,40,8405,1593],"aioseo_notices":[],"_links":{"self":[{"href":"https:\/\/infois.ro\/index.php?rest_route=\/wp\/v2\/posts\/25983"}],"collection":[{"href":"https:\/\/infois.ro\/index.php?rest_route=\/wp\/v2\/posts"}],"about":[{"href":"https:\/\/infois.ro\/index.php?rest_route=\/wp\/v2\/types\/post"}],"author":[{"embeddable":true,"href":"https:\/\/infois.ro\/index.php?rest_route=\/wp\/v2\/users\/2"}],"replies":[{"embeddable":true,"href":"https:\/\/infois.ro\/index.php?rest_route=%2Fwp%2Fv2%2Fcomments&post=25983"}],"version-history":[{"count":1,"href":"https:\/\/infois.ro\/index.php?rest_route=\/wp\/v2\/posts\/25983\/revisions"}],"predecessor-version":[{"id":25986,"href":"https:\/\/infois.ro\/index.php?rest_route=\/wp\/v2\/posts\/25983\/revisions\/25986"}],"wp:featuredmedia":[{"embeddable":true,"href":"https:\/\/infois.ro\/index.php?rest_route=\/wp\/v2\/media\/25985"}],"wp:attachment":[{"href":"https:\/\/infois.ro\/index.php?rest_route=%2Fwp%2Fv2%2Fmedia&parent=25983"}],"wp:term":[{"taxonomy":"category","embeddable":true,"href":"https:\/\/infois.ro\/index.php?rest_route=%2Fwp%2Fv2%2Fcategories&post=25983"},{"taxonomy":"post_tag","embeddable":true,"href":"https:\/\/infois.ro\/index.php?rest_route=%2Fwp%2Fv2%2Ftags&post=25983"}],"curies":[{"name":"wp","href":"https:\/\/api.w.org\/{rel}","templated":true}]}}