{"id":2599,"date":"2012-11-02T14:19:42","date_gmt":"2012-11-02T12:19:42","guid":{"rendered":"http:\/\/infois.ro\/?p=2599"},"modified":"2012-11-02T14:19:42","modified_gmt":"2012-11-02T12:19:42","slug":"judetul-iasi-da-startul-campaniei-nationale-impadurim-romania","status":"publish","type":"post","link":"https:\/\/infois.ro\/?p=2599","title":{"rendered":"Jude\u021bul Ia\u0219i d\u0103 startul campaniei na\u021bionale \u201d\u00cemp\u0103durim Rom\u00e2nia&#8221;"},"content":{"rendered":"<p style=\"text-align: justify;\"><a class=\"highslide\" onclick=\"return vz.expand(this)\" href=\"http:\/\/infois.ro\/wp-content\/uploads\/2012\/11\/impadurim-romania.jpg\"><img loading=\"lazy\" decoding=\"async\" class=\"alignleft size-large wp-image-2600\" title=\"impadurim romania\" src=\"http:\/\/infois.ro\/wp-content\/uploads\/cache\/2012\/11\/impadurim-romania\/3632807427.jpg\" alt=\"\" width=\"460\" height=\"257\" \/><\/a>S\u00e2mb\u0103t\u0103, 3 noiembrie, va debuta una din cele mai mari ac\u0163iuni de \u00eemp\u0103durire din Rom\u00e2nia, campania na\u0163ionala de plantare \u201c\u00cemp\u0103durim Rom\u00e2nia!\u201d, ini\u0163iat\u0103 de Ministerul Mediului \u015fi P\u0103durilor (MMP). Proiectul are ca scop \u00eemp\u0103durirea mai multor suprafe\u0163e de teren din majoritatea jude\u0163elor, unde vor fi planta\u0163i in total peste 26 de milioane de puie\u0163i. \u00a0Secretarul de stat care gestioneaz\u0103 p\u0103durile \u00een Ministerul Mediului \u015fi P\u0103durilor, Mugur Cozmanciuc, va da startul campaniei s\u00e2mb\u0103t\u0103, 3 noiembrie, \u00eencep\u00e2nd cu ora 10.00, \u00een comuna R\u0103duc\u0103neni, din jude\u0163ul Ia\u015fi, pe un teren degradat. Tot \u00een Ia\u015fi la ora 13.00 se va mai face o plantare \u00een comuna Dume\u015fti. \u00a0Ac\u0163iunea \u201c\u00cemp\u0103durim Rom\u00e2nia!\u201d se va desf\u0103\u015fura pe tot parcursul lunii noiembrie, proiectul fiind n\u0103scut dintr-o problem\u0103 extrem de presant\u0103 a Rom\u00e2niei \u2013 dispari\u0163ia p\u0103durilor, ca urmare a t\u0103ierilor ilegale, aridiz\u0103rilor \u015fi de\u015fertific\u0103rilor. Aceast\u0103 situa\u0163ie are, de cele mai multe ori, efecte devastatoare asupra comunit\u0103\u0163ilor locale \u015fi a infrastructurii. Reconstruc\u0163ia ecologic\u0103 forestier\u0103, prin \u00eemp\u0103durirea terenurilor degradate, inapte pentru folosin\u0163e agricole, precum \u015fi a terenurilor neproductive, indiferent de forma de proprietate, are ca scop principal protejarea solului, refacerea echilibrului hidrologic \u015fi \u00eembun\u0103t\u0103\u0163irea condi\u0163iilor de mediu. \u201eDezvoltarea durabil\u0103 a p\u0103durilor a fost principala mea prioritate la Ministerul Mediului \u015fi P\u0103durilor, de aceea prima masur\u0103 \u00een calitate de secretar de stat, a fost ini\u0163ierea Strategiei Forestiere Na\u0163ionale 2013-2022, av\u00e2nd ca obiectiv prioritar cre\u015fterea gradului de \u00eemp\u0103durire \u015fi \u00een special \u00eemp\u0103durirea terenurilor degradate. \u00cemp\u0103durim Rom\u00e2nia \u015fi, \u00een toat\u0103 luna noiembrie, vom planta \u00een total 26 de milioane de puie\u0163i, \u00eencep\u00e2nd cu zonele cele mai vulnerabile din toate jude\u0163ele \u0163\u0103rii. V\u0103 a\u015ftept al\u0103turi de mine s\u0103 \u00eemp\u0103durim \u015fi jude\u0163ul Ia\u015fi!\u201d, a declarat secretarul de stat \u00een Ministerul P\u0103durilor \u0219i Mediului, Mugur Cozmaniciuc. Pentru a lupta \u00eempotriva schimb\u0103rilor climatice, o solu\u021bie o reprezint\u0103, afirm\u0103 speciali\u0219tii, p\u0103strarea vegeta\u021biei forestiere \u0219i crearea de noi p\u0103duri ce vor reduce \u00een timp efectul schimb\u0103rilor climatice la nivel regional \u0219i local. Fenomenul t\u0103ierilor ilegale a condus la inunda\u0163ii \u015fi alunec\u0103ri de terenuri, cu efecte de multe ori devastatoare asupra comunit\u0103\u0163ilor locale \u015fi infrastructurii. Astfel, \u00een zonele sudice ale \u021b\u0103rii au fost semnalate tendin\u0163e de aridizare \u015fi de\u015fertificare, ca urmare a distrugerii perdelelor forestiere de protec\u0163ie \u0219i t\u0103ierilor ilegale a unor \u00eentregi trupuri de p\u0103dure. Planul Na\u021bional de Combatere a T\u0103ierilor Ilegale, elaborat de Ministerul Mediului \u0219i P\u0103durilor, are \u00een vedere tocmai stoparea acestui fenomen. Documentul subliniaz\u0103 c\u0103 reconstruc\u0163ia ecologic\u0103 forestier\u0103, prin \u00eemp\u0103durirea terenurilor degradate, inapte pentru folosin\u0163e agricole, precum \u015fi a terenurilor neproductive, indiferent de forma de proprietate, are ca scop principal protejarea solului, refacerea echilibrului hidrologic \u015fi \u00eembun\u0103t\u0103\u0163irea condi\u0163iilor de mediu.<\/p>\n<p style=\"text-align: justify;\">\n","protected":false},"excerpt":{"rendered":"<p>S\u00e2mb\u0103t\u0103, 3 noiembrie, va debuta una din cele mai mari ac\u0163iuni de \u00eemp\u0103durire din Rom\u00e2nia,&#8230; <a class=\"meta-more\" href=\"https:\/\/infois.ro\/?p=2599\">more <span class=\"meta-nav\">&raquo;<\/span><\/a><\/p>\n","protected":false},"author":2,"featured_media":2600,"comment_status":"open","ping_status":"open","sticky":false,"template":"","format":"standard","meta":{"footnotes":""},"categories":[1,41],"tags":[74,40,1124,1125],"aioseo_notices":[],"_links":{"self":[{"href":"https:\/\/infois.ro\/index.php?rest_route=\/wp\/v2\/posts\/2599"}],"collection":[{"href":"https:\/\/infois.ro\/index.php?rest_route=\/wp\/v2\/posts"}],"about":[{"href":"https:\/\/infois.ro\/index.php?rest_route=\/wp\/v2\/types\/post"}],"author":[{"embeddable":true,"href":"https:\/\/infois.ro\/index.php?rest_route=\/wp\/v2\/users\/2"}],"replies":[{"embeddable":true,"href":"https:\/\/infois.ro\/index.php?rest_route=%2Fwp%2Fv2%2Fcomments&post=2599"}],"version-history":[{"count":1,"href":"https:\/\/infois.ro\/index.php?rest_route=\/wp\/v2\/posts\/2599\/revisions"}],"predecessor-version":[{"id":2601,"href":"https:\/\/infois.ro\/index.php?rest_route=\/wp\/v2\/posts\/2599\/revisions\/2601"}],"wp:featuredmedia":[{"embeddable":true,"href":"https:\/\/infois.ro\/index.php?rest_route=\/wp\/v2\/media\/2600"}],"wp:attachment":[{"href":"https:\/\/infois.ro\/index.php?rest_route=%2Fwp%2Fv2%2Fmedia&parent=2599"}],"wp:term":[{"taxonomy":"category","embeddable":true,"href":"https:\/\/infois.ro\/index.php?rest_route=%2Fwp%2Fv2%2Fcategories&post=2599"},{"taxonomy":"post_tag","embeddable":true,"href":"https:\/\/infois.ro\/index.php?rest_route=%2Fwp%2Fv2%2Ftags&post=2599"}],"curies":[{"name":"wp","href":"https:\/\/api.w.org\/{rel}","templated":true}]}}