{"id":26020,"date":"2016-11-01T10:02:21","date_gmt":"2016-11-01T08:02:21","guid":{"rendered":"http:\/\/infois.ro\/?p=26020"},"modified":"2016-11-01T10:02:21","modified_gmt":"2016-11-01T08:02:21","slug":"proiect-erasmus-la-scoala-b-p-hasdeu-iasi","status":"publish","type":"post","link":"https:\/\/infois.ro\/?p=26020","title":{"rendered":"Proiect Erasmus la \u0218coala \u201dB. P. Hasdeu\u201d Ia\u0219i"},"content":{"rendered":"<div style=\"text-align: justify;\"><a href=\"http:\/\/infois.ro\/wp-content\/uploads\/2015\/12\/erasmus-.jpg\"><img loading=\"lazy\" decoding=\"async\" class=\"alignleft  wp-image-20859\" src=\"http:\/\/infois.ro\/wp-content\/uploads\/2015\/12\/erasmus-.jpg\" alt=\"erasmus+\" width=\"303\" height=\"303\" srcset=\"https:\/\/infois.ro\/wp-content\/uploads\/2015\/12\/erasmus-.jpg 600w, https:\/\/infois.ro\/wp-content\/uploads\/2015\/12\/erasmus--150x150.jpg 150w, https:\/\/infois.ro\/wp-content\/uploads\/2015\/12\/erasmus--300x300.jpg 300w, https:\/\/infois.ro\/wp-content\/uploads\/2015\/12\/erasmus--80x80.jpg 80w, https:\/\/infois.ro\/wp-content\/uploads\/2015\/12\/erasmus--100x100.jpg 100w\" sizes=\"(max-width: 303px) 100vw, 303px\" \/><\/a><\/div>\n<div id=\"yiv0590486182yui_3_16_0_ym19_1_1477946659305_8202\" style=\"text-align: justify;\"><span id=\"yiv0590486182yui_3_16_0_ym19_1_1477946659305_8203\" lang=\"FR\">\u015ecoala Gimnazial\u0103 \u201cB. P. Hasdeu\u201d\u00a0 Ia\u015fi este onorat\u0103 s\u0103 anun\u0163e demararea proiectului\u00a0\u00a0<i id=\"yiv0590486182yui_3_16_0_ym19_1_1477946659305_8204\">Nourishing Today\u2019s Skills for a Successful Tomorrow,<\/i> finan\u0163at\u00a0de Uniunea European\u0103 prin programul Erasmus +,\u00a0 \u00een perioada 2016-2018.\u00a0 Proiectul s-a n\u0103scut \u00een urma colabor\u0103rii\u00a0 cu\u00a0 patru\u00a0 \u015fcoli gimnaziale partenere: Istituto Comprensivo \u00ab\u00a0 F.Pappalardo\u00a0\u00bb (Italia), Gymnasio Anoixis (Grecia), \u015ecoala Goce Delcev (Macedonia) \u015fi Cerciler Sehit Recep Gecer Yatil Bolge Ortaokolu (Turcia).<\/span><\/div>\n<div id=\"yiv0590486182yui_3_16_0_ym19_1_1477946659305_8206\" style=\"text-align: justify;\"><span id=\"yiv0590486182yui_3_16_0_ym19_1_1477946659305_8207\" lang=\"FR\">Obiectivul fundamental care a stat la baza construirii acestui proiect vizeaz\u0103 <b id=\"yiv0590486182yui_3_16_0_ym19_1_1477946659305_8327\">dezvoltarea abilit\u0103\u0163ilor de baz\u0103 ale elevilor, incluz\u00e2nd o palet\u0103 larg\u0103, de la cele lingvistice, artistice, sociale, la abilit\u0103\u0163ile care \u0163in de utilizarea calculatorului, a aparatului de fotografiat sau la dob\u00e2ndirea unui stil de via\u0163\u0103 s\u0103n\u0103tos.<\/b><\/span><\/div>\n<div id=\"yiv0590486182yui_3_16_0_ym19_1_1477946659305_8209\" style=\"text-align: justify;\"><span id=\"yiv0590486182yui_3_16_0_ym19_1_1477946659305_8210\" lang=\"FR\">Timp de doi ani, cei cinci parteneri implica\u0163i \u00een proiect vor antrena aproximativ 100 de elevi \u00een activit\u0103\u0163i extracurriculare, viz\u00e2nd patru mari domenii \u2013 muzica, teatrul, fotografia, sportul. Participarea lor la evenimente artistice \u015fi sociale diverse, interac\u0163iunile interna\u0163ionale, deschiderea fa\u0163\u0103 de culturi \u015fi fa\u0163\u0103 de limbi noi\u00a0vor avea un impact major asupra dezvolt\u0103rii personale, dar \u015fi asupra viitoarei lor inser\u0163ii profesionale.<\/span><\/div>\n<div id=\"yiv0590486182yui_3_16_0_ym19_1_1477946659305_8212\" style=\"text-align: justify;\"><span id=\"yiv0590486182yui_3_16_0_ym19_1_1477946659305_8213\">Datorit\u0103 faptului c\u0103 \u0219coala \u201dB.P.Hasdeu\u201d este institu\u021bia coordonatoare a proiectului, <b>prima reuniune transna\u021bionala<\/b>, cea de implementare \u0219i organizare, va avea loc la <b>Ia\u0219i \u00een perioada 27 &#8211; 30 noiembrie 2016<\/b>. La aceasta \u00eentrunire vor participa c\u00e2te doi profesori din fiecare \u021bar\u0103 implicat\u0103 \u00een proiect. Pe parcursul a doua zile, se vor discuta problemele organizatorice necesare deplas\u0103rilor cu elevii \u0219i vor fi stabilite toate detaliile ce vor asigura buna desf\u0103\u0219urare a activit\u0103\u021bilor propuse.<\/span><\/div>\n","protected":false},"excerpt":{"rendered":"<p>\u015ecoala Gimnazial\u0103 \u201cB. P. Hasdeu\u201d\u00a0 Ia\u015fi este onorat\u0103 s\u0103 anun\u0163e demararea proiectului\u00a0\u00a0Nourishing Today\u2019s Skills for&#8230; <a class=\"meta-more\" href=\"https:\/\/infois.ro\/?p=26020\">more <span class=\"meta-nav\">&raquo;<\/span><\/a><\/p>\n","protected":false},"author":2,"featured_media":20859,"comment_status":"open","ping_status":"closed","sticky":false,"template":"","format":"standard","meta":{"footnotes":""},"categories":[12],"tags":[4900,40,3112,8776],"aioseo_notices":[],"_links":{"self":[{"href":"https:\/\/infois.ro\/index.php?rest_route=\/wp\/v2\/posts\/26020"}],"collection":[{"href":"https:\/\/infois.ro\/index.php?rest_route=\/wp\/v2\/posts"}],"about":[{"href":"https:\/\/infois.ro\/index.php?rest_route=\/wp\/v2\/types\/post"}],"author":[{"embeddable":true,"href":"https:\/\/infois.ro\/index.php?rest_route=\/wp\/v2\/users\/2"}],"replies":[{"embeddable":true,"href":"https:\/\/infois.ro\/index.php?rest_route=%2Fwp%2Fv2%2Fcomments&post=26020"}],"version-history":[{"count":1,"href":"https:\/\/infois.ro\/index.php?rest_route=\/wp\/v2\/posts\/26020\/revisions"}],"predecessor-version":[{"id":26021,"href":"https:\/\/infois.ro\/index.php?rest_route=\/wp\/v2\/posts\/26020\/revisions\/26021"}],"wp:featuredmedia":[{"embeddable":true,"href":"https:\/\/infois.ro\/index.php?rest_route=\/wp\/v2\/media\/20859"}],"wp:attachment":[{"href":"https:\/\/infois.ro\/index.php?rest_route=%2Fwp%2Fv2%2Fmedia&parent=26020"}],"wp:term":[{"taxonomy":"category","embeddable":true,"href":"https:\/\/infois.ro\/index.php?rest_route=%2Fwp%2Fv2%2Fcategories&post=26020"},{"taxonomy":"post_tag","embeddable":true,"href":"https:\/\/infois.ro\/index.php?rest_route=%2Fwp%2Fv2%2Ftags&post=26020"}],"curies":[{"name":"wp","href":"https:\/\/api.w.org\/{rel}","templated":true}]}}