{"id":2605,"date":"2012-11-02T14:23:42","date_gmt":"2012-11-02T12:23:42","guid":{"rendered":"http:\/\/infois.ro\/?p=2605"},"modified":"2012-11-02T14:23:42","modified_gmt":"2012-11-02T12:23:42","slug":"reguli-noi-in-comisia-de-cultura-a-cj-iasi","status":"publish","type":"post","link":"https:\/\/infois.ro\/?p=2605","title":{"rendered":"Reguli noi \u00een Comisia de cultur\u0103 a CJ Ia\u0219i"},"content":{"rendered":"<p style=\"text-align: justify;\"><a class=\"highslide\" onclick=\"return vz.expand(this)\" href=\"http:\/\/infois.ro\/wp-content\/uploads\/2012\/11\/Marius-Parciu.jpg\"><img loading=\"lazy\" decoding=\"async\" class=\"alignleft size-large wp-image-2606\" title=\"Marius Parciu\" src=\"http:\/\/infois.ro\/wp-content\/uploads\/cache\/2012\/11\/Marius-Parciu\/1964584890.jpg\" alt=\"\" width=\"300\" height=\"196\" \/><\/a>\u00cencep\u00e2nd din luna noiembrie, toate institu\u0163iile, organiza\u0163iile nonguvernamentale \u015fi persoanele fizice care solicit\u0103 fonduri de la Consiliul Jude\u0163ean (CJ) Ia\u0219i, \u00een vederea finan\u021b\u0103rii proiectelor, vor fi redirec\u0163ionate c\u0103tre Comisia de cultur\u0103, fiind obligate s\u0103 semneze un acord de cooperare. \u201dPrin acest accord, Consiliul Jude\u0163ean va deveni partener al evenimentului (dac\u0103 se solicit\u0103 fonduri \u00een acest sens). Totodat\u0103, \u00een termen de trei luni de la perfectarea acordului men\u0163ionat, entitatea respectiv\u0103 se oblig\u0103 la sus\u0163inerea\u00a0pro bono, prin sprijin logistic, \u00een conformitate cu specificul activit\u0103\u0163ii de resort, a cel pu\u0163in unui eveniment\/activitate \u00een folosul comunit\u0103\u0163ii locale la nivel jude\u0163ean. Activitatea va fi stabilit\u0103, de la caz la caz, \u00een cadrul \u015fedin\u0163elor Comisiei de cultur\u0103. Respectivul eveniment se va desf\u0103\u015fura sub egida Consiliului Jude\u0163ean, ca autoritate administrativ-teritorial\u0103, sau prin entit\u0103\u0163ile \u015fi structurile din subordinea acestuia sau \u00een diverse forme de asociere institu\u0163ional\u0103, patronate de administra\u0163ia public\u0103 jude\u0163ean\u0103\u201d, a declarat purt\u0103torul de cuv\u00e2nt al CJ Ia\u0219i, Marius P\u00e2rciu.<\/p>\n","protected":false},"excerpt":{"rendered":"<p>\u00cencep\u00e2nd din luna noiembrie, toate institu\u0163iile, organiza\u0163iile nonguvernamentale \u015fi persoanele fizice care solicit\u0103 fonduri de&#8230; <a class=\"meta-more\" href=\"https:\/\/infois.ro\/?p=2605\">more <span class=\"meta-nav\">&raquo;<\/span><\/a><\/p>\n","protected":false},"author":2,"featured_media":2606,"comment_status":"open","ping_status":"open","sticky":false,"template":"","format":"standard","meta":{"footnotes":""},"categories":[1],"tags":[1128,374],"aioseo_notices":[],"_links":{"self":[{"href":"https:\/\/infois.ro\/index.php?rest_route=\/wp\/v2\/posts\/2605"}],"collection":[{"href":"https:\/\/infois.ro\/index.php?rest_route=\/wp\/v2\/posts"}],"about":[{"href":"https:\/\/infois.ro\/index.php?rest_route=\/wp\/v2\/types\/post"}],"author":[{"embeddable":true,"href":"https:\/\/infois.ro\/index.php?rest_route=\/wp\/v2\/users\/2"}],"replies":[{"embeddable":true,"href":"https:\/\/infois.ro\/index.php?rest_route=%2Fwp%2Fv2%2Fcomments&post=2605"}],"version-history":[{"count":1,"href":"https:\/\/infois.ro\/index.php?rest_route=\/wp\/v2\/posts\/2605\/revisions"}],"predecessor-version":[{"id":2607,"href":"https:\/\/infois.ro\/index.php?rest_route=\/wp\/v2\/posts\/2605\/revisions\/2607"}],"wp:featuredmedia":[{"embeddable":true,"href":"https:\/\/infois.ro\/index.php?rest_route=\/wp\/v2\/media\/2606"}],"wp:attachment":[{"href":"https:\/\/infois.ro\/index.php?rest_route=%2Fwp%2Fv2%2Fmedia&parent=2605"}],"wp:term":[{"taxonomy":"category","embeddable":true,"href":"https:\/\/infois.ro\/index.php?rest_route=%2Fwp%2Fv2%2Fcategories&post=2605"},{"taxonomy":"post_tag","embeddable":true,"href":"https:\/\/infois.ro\/index.php?rest_route=%2Fwp%2Fv2%2Ftags&post=2605"}],"curies":[{"name":"wp","href":"https:\/\/api.w.org\/{rel}","templated":true}]}}