{"id":26077,"date":"2016-11-06T09:47:56","date_gmt":"2016-11-06T07:47:56","guid":{"rendered":"http:\/\/infois.ro\/?p=26077"},"modified":"2016-11-06T09:47:56","modified_gmt":"2016-11-06T07:47:56","slug":"ambasadorul-israelului-in-romania-cetatean-de-onoare-al-municipiului-iasi","status":"publish","type":"post","link":"https:\/\/infois.ro\/?p=26077","title":{"rendered":"Ambasadorul Israelului \u00een Rom\u00e2nia &#8211; &#8220;Cet\u0103\u0163ean de onoare al municipiului Ia\u015fi&#8221;"},"content":{"rendered":"<p style=\"text-align: justify;\"><a href=\"http:\/\/infois.ro\/wp-content\/uploads\/2016\/11\/Tamar-Samash.jpg\"><img loading=\"lazy\" decoding=\"async\" class=\"alignleft  wp-image-26078\" src=\"http:\/\/infois.ro\/wp-content\/uploads\/2016\/11\/Tamar-Samash.jpg\" alt=\"tamar-samash\" width=\"297\" height=\"248\" srcset=\"https:\/\/infois.ro\/wp-content\/uploads\/2016\/11\/Tamar-Samash.jpg 640w, https:\/\/infois.ro\/wp-content\/uploads\/2016\/11\/Tamar-Samash-300x250.jpg 300w\" sizes=\"(max-width: 297px) 100vw, 297px\" \/><\/a><\/p>\n<p style=\"text-align: justify;\">Excelen\u021ba Sa, doamna Tamar Samash, ambasadorul statului Israel \u00een Rom\u00e2nia, va fi prezent\u0103 luni, 7 noiembrie, la Ia\u015fi, ocazie cu care \u00eei va fi decernat titlul de &#8220;Cet\u0103\u021bean de Onoare al Municipiului Ia\u0219i&#8221;, \u00een cadrul unei ceremonii programate \u00eencep\u00e2nd cu ora 14.00, \u00een Sala Mare a Prim\u0103riei. Distinc\u021bia a fost acordat\u0103, printr-o Hot\u0103r\u00e2re a Consiliului Local Municiapl (CLM) Ia\u015fi din luna octombrie 2016, \u00een semn de aleas\u0103 pre\u021buire \u0219i recuno\u0219tin\u021b\u0103 pentru deschiderea total\u0103 ar\u0103tat\u0103 ora\u0219ului nostru, pentru implicarea direct\u0103 \u00een evenimente cu impact interna\u021bional major la Ia\u0219i, cu un ecou deosebit de pozitiv asupra imaginii acestuia \u0219i a rela\u021biilor de prietenie \u0219i colaborare cu comunit\u0103\u021bi din Israel.<\/p>\n","protected":false},"excerpt":{"rendered":"<p>Excelen\u021ba Sa, doamna Tamar Samash, ambasadorul statului Israel \u00een Rom\u00e2nia, va fi prezent\u0103 luni, 7&#8230; <a class=\"meta-more\" href=\"https:\/\/infois.ro\/?p=26077\">more <span class=\"meta-nav\">&raquo;<\/span><\/a><\/p>\n","protected":false},"author":2,"featured_media":26078,"comment_status":"open","ping_status":"closed","sticky":false,"template":"","format":"standard","meta":{"footnotes":""},"categories":[1,41],"tags":[74,2987,6142,3260,40],"aioseo_notices":[],"_links":{"self":[{"href":"https:\/\/infois.ro\/index.php?rest_route=\/wp\/v2\/posts\/26077"}],"collection":[{"href":"https:\/\/infois.ro\/index.php?rest_route=\/wp\/v2\/posts"}],"about":[{"href":"https:\/\/infois.ro\/index.php?rest_route=\/wp\/v2\/types\/post"}],"author":[{"embeddable":true,"href":"https:\/\/infois.ro\/index.php?rest_route=\/wp\/v2\/users\/2"}],"replies":[{"embeddable":true,"href":"https:\/\/infois.ro\/index.php?rest_route=%2Fwp%2Fv2%2Fcomments&post=26077"}],"version-history":[{"count":1,"href":"https:\/\/infois.ro\/index.php?rest_route=\/wp\/v2\/posts\/26077\/revisions"}],"predecessor-version":[{"id":26079,"href":"https:\/\/infois.ro\/index.php?rest_route=\/wp\/v2\/posts\/26077\/revisions\/26079"}],"wp:featuredmedia":[{"embeddable":true,"href":"https:\/\/infois.ro\/index.php?rest_route=\/wp\/v2\/media\/26078"}],"wp:attachment":[{"href":"https:\/\/infois.ro\/index.php?rest_route=%2Fwp%2Fv2%2Fmedia&parent=26077"}],"wp:term":[{"taxonomy":"category","embeddable":true,"href":"https:\/\/infois.ro\/index.php?rest_route=%2Fwp%2Fv2%2Fcategories&post=26077"},{"taxonomy":"post_tag","embeddable":true,"href":"https:\/\/infois.ro\/index.php?rest_route=%2Fwp%2Fv2%2Ftags&post=26077"}],"curies":[{"name":"wp","href":"https:\/\/api.w.org\/{rel}","templated":true}]}}