{"id":26178,"date":"2016-11-14T15:17:46","date_gmt":"2016-11-14T13:17:46","guid":{"rendered":"http:\/\/infois.ro\/?p=26178"},"modified":"2016-11-14T15:17:46","modified_gmt":"2016-11-14T13:17:46","slug":"soseaua-ocolitoare-a-municipiului-iasi-varianta-sud-inclusa-in-proiectul-de-realizare-a-autostrazii-targu-neamt-iasi-ungheni","status":"publish","type":"post","link":"https:\/\/infois.ro\/?p=26178","title":{"rendered":"\u015eoseaua ocolitoare a municipiului Ia\u015fi (varianta sud), inclus\u0103 \u00een proiectul de realizare a autostr\u0103zii T\u00e2rgu Neam\u0163 &#8211; Ia\u015fi &#8211; Ungheni"},"content":{"rendered":"<p style=\"text-align: justify;\"><a href=\"http:\/\/infois.ro\/wp-content\/uploads\/2016\/11\/soseaua-de-centura-sud.jpg\"><img loading=\"lazy\" decoding=\"async\" class=\"alignleft  wp-image-26179\" src=\"http:\/\/infois.ro\/wp-content\/uploads\/2016\/11\/soseaua-de-centura-sud.jpg\" alt=\"soseaua-de-centura-sud\" width=\"254\" height=\"169\" srcset=\"https:\/\/infois.ro\/wp-content\/uploads\/2016\/11\/soseaua-de-centura-sud.jpg 640w, https:\/\/infois.ro\/wp-content\/uploads\/2016\/11\/soseaua-de-centura-sud-300x199.jpg 300w\" sizes=\"(max-width: 254px) 100vw, 254px\" \/><\/a><\/p>\n<p style=\"text-align: justify;\">Construc\u0163ia \u015foselei ocolitoare a municipiului Ia\u015fi (etapa I &#8211; varianta sud) va fi inclus\u0103 \u00een proiectul de realizare a autostr\u0103zii T\u00e2rgu Neam\u0163 &#8211; Ia\u015fi &#8211; Ungheni, fondurile pentru \u00eenceperea acestei investi\u0163ii urm\u00e2nd s\u0103 fie identificate \u00een anii care urmeaz\u0103. Acesta este r\u0103spunsul pe care Prim\u0103ria municipiului Ia\u015fi l-a primit din partea Ministerului Transporturilor, la solicitarea privind includerea acestui obiectiv \u00een planul de investi\u0163ii pentru anul viitor. &#8220;Pentru buna implementare a acestui proiect deosebit de important pentru dezvoltarea economic\u0103 \u015fi durabil\u0103 a Rom\u00e2niei \u015fi \u0163in\u00e2nd cont c\u0103 acesta asigur\u0103 leg\u0103tura \u00eentre Moldova \u015fi Transilvania a fost inclus \u00een lista proiectelor ce vor fi implementate de noua companie CNIR, \u00eenfiin\u0163at\u0103 potrivit OUG nr. 55\/2016. P\u00e2n\u0103 ce aceasta va deveni complet func\u0163ional\u0103 se vor \u00eentreprinde demersurile necesare contract\u0103rii serviciului de revizuire a documenta\u0163iei tehnico-economice la faza de studiu de fezabilitate&#8221;, se arat\u0103 \u00een adresa semnat\u0103 de ministrul Transporturilor, Sorin Bu\u015fe, adresat\u0103 primarului municipiului Ia\u015fi, Mihai Chirica. Cu alte cuvinte, autorit\u0103\u0163ile locale mai au de a\u015fteptat p\u00e2n\u0103 c\u00e2nd una dintre cele mai importante investi\u0163ii, care urmeaz\u0103 s\u0103 fac\u0103 leg\u0103tura \u00eentre sudul \u015fi nordul jude\u0163ului, prin ocolirea municipiului Ia\u015fi, va avea asigurat\u0103 finan\u0163area necesar\u0103 pentru \u00eenceperea lucr\u0103rilor. \u015eoseaua de centur\u0103 a municipiului Ia\u0219i (varianta sud) ar trebui s\u0103 fluidizeze traficul greu din ora\u0219 dinspre nord c\u0103tre partea de sud \u0219i de est a jude\u021bului, \u00een special \u00een ceea ce prive\u015fte traficul de m\u0103rfuri c\u0103tre \u015fi dinspre Vama Albi\u021ba. Adresa oficial\u0103 trimis\u0103 de Ministerul Transporturilor Prim\u0103riei municipiului Ia\u015fi pune cap\u0103t \u015fi controversei legat\u0103 de situa\u0163ia str\u0103zii Trei F\u00e2nt\u00e2ni, arter\u0103 de circula\u021bie al c\u0103rui proprietar devine, \u00een aceste condi\u0163ii, Guvernul Rom\u00e2niei, prin Compania Na\u021bional\u0103 de Autostr\u0103zi \u0219i Drumuri Na\u021bionale.<\/p>\n<p style=\"text-align: justify;\">\n","protected":false},"excerpt":{"rendered":"<p>Construc\u0163ia \u015foselei ocolitoare a municipiului Ia\u015fi (etapa I &#8211; varianta sud) va fi inclus\u0103 \u00een&#8230; <a class=\"meta-more\" href=\"https:\/\/infois.ro\/?p=26178\">more <span class=\"meta-nav\">&raquo;<\/span><\/a><\/p>\n","protected":false},"author":2,"featured_media":26179,"comment_status":"open","ping_status":"closed","sticky":false,"template":"","format":"standard","meta":{"footnotes":""},"categories":[1,41],"tags":[74,2755,40,8800,4757,8801],"aioseo_notices":[],"_links":{"self":[{"href":"https:\/\/infois.ro\/index.php?rest_route=\/wp\/v2\/posts\/26178"}],"collection":[{"href":"https:\/\/infois.ro\/index.php?rest_route=\/wp\/v2\/posts"}],"about":[{"href":"https:\/\/infois.ro\/index.php?rest_route=\/wp\/v2\/types\/post"}],"author":[{"embeddable":true,"href":"https:\/\/infois.ro\/index.php?rest_route=\/wp\/v2\/users\/2"}],"replies":[{"embeddable":true,"href":"https:\/\/infois.ro\/index.php?rest_route=%2Fwp%2Fv2%2Fcomments&post=26178"}],"version-history":[{"count":1,"href":"https:\/\/infois.ro\/index.php?rest_route=\/wp\/v2\/posts\/26178\/revisions"}],"predecessor-version":[{"id":26180,"href":"https:\/\/infois.ro\/index.php?rest_route=\/wp\/v2\/posts\/26178\/revisions\/26180"}],"wp:featuredmedia":[{"embeddable":true,"href":"https:\/\/infois.ro\/index.php?rest_route=\/wp\/v2\/media\/26179"}],"wp:attachment":[{"href":"https:\/\/infois.ro\/index.php?rest_route=%2Fwp%2Fv2%2Fmedia&parent=26178"}],"wp:term":[{"taxonomy":"category","embeddable":true,"href":"https:\/\/infois.ro\/index.php?rest_route=%2Fwp%2Fv2%2Fcategories&post=26178"},{"taxonomy":"post_tag","embeddable":true,"href":"https:\/\/infois.ro\/index.php?rest_route=%2Fwp%2Fv2%2Ftags&post=26178"}],"curies":[{"name":"wp","href":"https:\/\/api.w.org\/{rel}","templated":true}]}}