{"id":26220,"date":"2016-11-15T16:08:33","date_gmt":"2016-11-15T14:08:33","guid":{"rendered":"http:\/\/infois.ro\/?p=26220"},"modified":"2016-11-17T06:15:25","modified_gmt":"2016-11-17T04:15:25","slug":"drumul-interjudetean-iasi-suceava-in-fata-ultimului-hop-in-vederea-obtinerii-finantarii","status":"publish","type":"post","link":"https:\/\/infois.ro\/?p=26220","title":{"rendered":"Drumul interjude\u0163ean Ia\u015fi &#8211; Suceava, \u00een fa\u0163a ultimului &#8220;hop&#8221; \u00een vederea ob\u0163inerii finan\u0163\u0103rii"},"content":{"rendered":"<p style=\"text-align: justify;\"><a href=\"http:\/\/infois.ro\/wp-content\/uploads\/2016\/11\/consiliul-judetean.jpg\"><img loading=\"lazy\" decoding=\"async\" class=\"alignleft  wp-image-26221\" src=\"http:\/\/infois.ro\/wp-content\/uploads\/2016\/11\/consiliul-judetean.jpg\" alt=\"consiliul-judetean\" width=\"338\" height=\"225\" srcset=\"https:\/\/infois.ro\/wp-content\/uploads\/2016\/11\/consiliul-judetean.jpg 640w, https:\/\/infois.ro\/wp-content\/uploads\/2016\/11\/consiliul-judetean-300x200.jpg 300w\" sizes=\"(max-width: 338px) 100vw, 338px\" \/><\/a><\/p>\n<p style=\"text-align: justify;\">\u00centruni\u0163i \u00een \u015fedin\u0163\u0103 extraordinar\u0103, consilierii jude\u0163eni ie\u015feni au aprobat mar\u0163i, 15 noiembrie, cu unanimitate de voturi, ultimii indicatori tehnico-economici din cadrul proiectului privind modernizarea drumului interjude\u0163ean care face leg\u0103tura \u00eentre jude\u0163ele Ia\u015fi \u015fi Suceava, respectiv \u00eentre municipiul Ia\u015fi \u015fi Punctul de Trecere a Frontierei (PTF) de la Siret. Proiectul are o valoare de 330 de milioane de lei, din care 180 de milioane de lei reprezint\u0103 contribu\u0163ia jude\u0163ului Ia\u015fi \u015fi 150 milioane de lei contribu\u0163ia jude\u0163ului Suceava. Drumul interjude\u0163ean Ia\u015fi &#8211; Suceava, cu o lungime total\u0103 de 170 de kilometri, va avea urm\u0103torul itinerariu: Ia\u015fi &#8211; Gropni\u0163a &#8211; Coarnele Caprei &#8211; Belce\u015fti, Scobin\u0163i &#8211; Deleni (pe teritoriul jude\u0163ului Ia\u015fi) &#8211; Podeni &#8211; Dolhasca &#8211; Liteni &#8211; Ude\u015fti &#8211; Bosanci &#8211; Ipote\u015fti &#8211; Suceava &#8211; Moara &#8211; Liteni &#8211; Zahare\u015fti &#8211; V\u00e2lcele &#8211; D\u0103rm\u0103ne\u015fti &#8211; DN 2 (pe teritoriul jude\u0163ului Suceava).\u00a0 \u00cen deschiderea \u015fedin\u0163ei, pre\u015fedintele Consiliului Jude\u0163ean (CJ) Ia\u015fi, Maricel Popa, a anun\u0163at c\u0103 \u00een cursul acestei s\u0103pt\u0103m\u00e2ni a fost semnat de c\u0103tre Autoritatea Rutier\u0103 Rom\u00e2n\u0103 (ARR) \u015fi ultimul aviz necesar pentru finalizarea proiectului \u015fi depunerea acestuia la Agen\u0163ia de Dezvoltare Regional\u0103 Nord-Est, \u00een vederea aprob\u0103rii pentru ob\u0163inerea finan\u0163\u0103rii. Potrivit proiectului, lucr\u0103rile vor \u00eencepe anul viitor, ele urm\u00e2nd s\u0103 dureze doi ani. Drumul interjude\u0163ean Ia\u015fi &#8211; Suceava va lega municipiul Ia\u015fi la culoarul paneuropean nr. 7 Kiev- Cern\u0103u\u0163i-\u00a0 Bucure\u015fti &#8211; Istanbul. Proiectul ini\u0163iat de jude\u0163ele Ia\u015fi \u015fi Suceava pentru modernizarea cu fonduri europene a unui drum interjude\u0163ean pe o lungime de 167.4 kilometri este cel mai mare proiect de acest gen. Proiectul va fi finan\u0163at prin POR 2014-2020, axa 6 \u2013 infrastructur\u0103 \u015fi are o valoare total\u0103 de aproximativ 70 milioane de euro.<\/p>\n","protected":false},"excerpt":{"rendered":"<p>\u00centruni\u0163i \u00een \u015fedin\u0163\u0103 extraordinar\u0103, consilierii jude\u0163eni ie\u015feni au aprobat mar\u0163i, 15 noiembrie, cu unanimitate de&#8230; <a class=\"meta-more\" href=\"https:\/\/infois.ro\/?p=26220\">more <span class=\"meta-nav\">&raquo;<\/span><\/a><\/p>\n","protected":false},"author":2,"featured_media":26221,"comment_status":"open","ping_status":"closed","sticky":false,"template":"","format":"standard","meta":{"footnotes":""},"categories":[1,41],"tags":[74,133,2523,40,2353,3112],"aioseo_notices":[],"_links":{"self":[{"href":"https:\/\/infois.ro\/index.php?rest_route=\/wp\/v2\/posts\/26220"}],"collection":[{"href":"https:\/\/infois.ro\/index.php?rest_route=\/wp\/v2\/posts"}],"about":[{"href":"https:\/\/infois.ro\/index.php?rest_route=\/wp\/v2\/types\/post"}],"author":[{"embeddable":true,"href":"https:\/\/infois.ro\/index.php?rest_route=\/wp\/v2\/users\/2"}],"replies":[{"embeddable":true,"href":"https:\/\/infois.ro\/index.php?rest_route=%2Fwp%2Fv2%2Fcomments&post=26220"}],"version-history":[{"count":1,"href":"https:\/\/infois.ro\/index.php?rest_route=\/wp\/v2\/posts\/26220\/revisions"}],"predecessor-version":[{"id":26222,"href":"https:\/\/infois.ro\/index.php?rest_route=\/wp\/v2\/posts\/26220\/revisions\/26222"}],"wp:featuredmedia":[{"embeddable":true,"href":"https:\/\/infois.ro\/index.php?rest_route=\/wp\/v2\/media\/26221"}],"wp:attachment":[{"href":"https:\/\/infois.ro\/index.php?rest_route=%2Fwp%2Fv2%2Fmedia&parent=26220"}],"wp:term":[{"taxonomy":"category","embeddable":true,"href":"https:\/\/infois.ro\/index.php?rest_route=%2Fwp%2Fv2%2Fcategories&post=26220"},{"taxonomy":"post_tag","embeddable":true,"href":"https:\/\/infois.ro\/index.php?rest_route=%2Fwp%2Fv2%2Ftags&post=26220"}],"curies":[{"name":"wp","href":"https:\/\/api.w.org\/{rel}","templated":true}]}}