{"id":26302,"date":"2016-11-22T06:15:40","date_gmt":"2016-11-22T04:15:40","guid":{"rendered":"http:\/\/infois.ro\/?p=26302"},"modified":"2016-11-22T06:15:40","modified_gmt":"2016-11-22T04:15:40","slug":"autoritatile-judetene-sunt-pregatite-pentru-venirea-iernii","status":"publish","type":"post","link":"https:\/\/infois.ro\/?p=26302","title":{"rendered":"Autorit\u0103\u0163ile jude\u0163ene sunt preg\u0103tite pentru venirea iernii"},"content":{"rendered":"<p style=\"text-align: justify;\"><a href=\"http:\/\/infois.ro\/wp-content\/uploads\/2012\/12\/deszapaziri.jpg\"><img loading=\"lazy\" decoding=\"async\" class=\"alignleft  wp-image-3215\" src=\"http:\/\/infois.ro\/wp-content\/uploads\/2012\/12\/deszapaziri.jpg\" alt=\"deszapaziri\" width=\"306\" height=\"230\" srcset=\"https:\/\/infois.ro\/wp-content\/uploads\/2012\/12\/deszapaziri.jpg 604w, https:\/\/infois.ro\/wp-content\/uploads\/2012\/12\/deszapaziri-300x225.jpg 300w\" sizes=\"(max-width: 306px) 100vw, 306px\" \/><\/a><\/p>\n<p style=\"text-align: justify;\">Pre\u015fedintele Consiliului Jude\u0163ean (CJ) Ia\u015fi, Maricel Popa, a efectuat luni, 21 noiembrie, o vizit\u0103 de verificare a bazelor de desz\u0103pezire de la Ia\u015fi, T\u00e2rgu Frumos si Pa\u0219cani. La acestea se mai adaug\u0103 \u0219i cele trei baze de suport de la \u0162ib\u0103ne\u015fti, Vl\u0103deni \u015fi R\u0103duc\u0103neni. Pre\u015fedintele Consiliului Jude\u0163ean a declarat c\u0103 este mul\u0163umit de modul \u00een care firmele care asigur\u0103 deszapezirea \u00een acest an s-au preg\u0103tit pentru a face fa\u0163\u0103 situa\u0163iilor de iarn\u0103. &#8220;Suntem preg\u0103ti\u0163i s\u0103 intervenim de la prima c\u0103dere de z\u0103pad\u0103. Avem asigurate stocurile de materiale antiderapante. Am v\u0103zut \u015fi utilajele care vor interveni. Indiferent de c\u00e2t de dificil\u0103 va fi aceast\u0103 iarn\u0103, \u00eemi doresc \u015fi le-am atras aten\u0163ia \u015fi reprezentan\u0163ilor firmelor care asigur\u0103 desz\u0103pezirea, c\u0103 vreau promptitudine. Am activat \u015fi comandamentul de urgen\u0163\u0103 pe timp de iarn\u0103. \u00cempreun\u0103 cu ISU \u015fi celelalte institu\u0163ii ale statului care sunt implicate vom face tot ceea ce este necesar pentru ca locuitorii jude\u0163ului Ia\u015fi s\u0103 poat\u0103 circula pe drumurile jude\u0163ene \u00een siguran\u0163\u0103. Voi mai efectua astfel de vizite pe teren pentru a fi sigur c\u0103 drumarii \u00ee\u015fi fac bine treaba\u201d, a declarat Maricel Popa. Asocierea are 40 de utilaje preg\u0103tite s\u0103 intervin\u0103 \u00een situa\u0163ia de desz\u0103pezire, mai exact 17 camioane cu s\u0103r\u0103ri\u0163\u0103, 11 autogredere, 6 freze de z\u0103pad\u0103 \u015fi 6 \u00eenc\u0103rc\u0103toare frontale, din care 35 \u00een a\u0219teptare (tot timpul la dispozi\u021bia Direc\u021biei de Admnistrare a Drumurilor \u0219i Podurilor Ia\u0219i) \u0219i 5 la cere (c\u00e2nd o cere imperativ vremea). De asemenea, Consiliul Jude\u0163ean s-a dotat suplimentar pentru interven\u021bii eficiente \u0219i rapide pe timpul iernii prin achizi\u0163ionarea \u00een 2014 a dou\u0103 \u015fenilate pentru interven\u0163ii \u00een caz de urgen\u0163\u0103. Cele dou\u0103 utilaje au costat \u00eempreun\u0103 aproximativ 400.000 de lei si sunt \u00een grija \u015fi \u00een operarea Inspectoratului pentru Situa\u0163ii de Urgen\u0163\u0103. Totodat\u0103, Ia\u015fiul este singurul jude\u021b din Rom\u00e2nia care, pentru \u00eentreaga Regiune de Nord-Est, prin proiectul european implementat de ADI Euronest, a cump\u0103rat 25 de freze noi de z\u0103pad\u0103 de mare putere. Acestea au achizi\u0163ionate prin intermediul fondurilor europene. Cinci dintre aceste freze au revenit Jude\u0163ului Ia\u015fi \u015fi sunt acum \u00een custodia Inspectoratului pentru Situa\u0163ii de Urgen\u0163\u0103. Direc\u0163ia Jude\u0163ean\u0103 de Administrare a Drumurilor \u015fi Podurilor Ia\u015fi are \u00een stoc 2645 tone de nisip \u015fi 500 tone de sare. \u00cen func\u021bie de evolu\u021bia condi\u021biilor climatice, cantit\u0103\u021bile se vor suplimenta, \u00een vederea desf\u0103\u0219ur\u0103rii activit\u0103\u021bii \u00een condi\u021bii optime. Au fost montate 852 buc\u0103\u0163i de panouri paraz\u0103pezi pe urm\u0103toarele sectoare de drum jude\u0163ean: DJ 282D Rom\u00e2ne\u015fti-Podu Iloaiei (136 buc.), DJ 281C Bl\u0103ge\u015fti-H\u0103rm\u0103n\u015fti (188 buc.), DJ 244F Bohotin-Groze\u015fti (175 buc.), DJ 281B Borosoaia-Plugari (353 buc.). Utilajele care sunt\u00a0 utilizate la desz\u0103pezire sunt monitorizate prin sistem de supraveghere de tip GPS. Link-ul pentru monitorizarea utilajelor de pe internet poate fi accesat de pe site-ul institu\u0163iei: <a href=\"http:\/\/www.icc.ro\/\">www.icc.ro<\/a> (GPS utilaje desz\u0103pezire). P\u00e2n\u0103 la data de 31 decembrie 2016 este \u00een vigoare acordul cadru de \u00eentre\u0163inere curent\u0103 a drumurilor jude\u0163ene pe timp de iarn\u0103(deszapezire) \u00eencheiat cu asocierea SC Eky-Sam SRL \u015fi SC Enviro Construct SRL. Pre\u0163ul total al contractului este de 1.858.118 lei cu TVA. Pentru perioada ianuarie-martie 2017 suntem \u00een procedur\u0103 de licita\u0163ie, \u00een data de 24 noiembrie urm\u00e2nd s\u0103 aib\u0103 loc deschiderea ofertelor.<\/p>\n","protected":false},"excerpt":{"rendered":"<p>Pre\u015fedintele Consiliului Jude\u0163ean (CJ) Ia\u015fi, Maricel Popa, a efectuat luni, 21 noiembrie, o vizit\u0103 de&#8230; <a class=\"meta-more\" href=\"https:\/\/infois.ro\/?p=26302\">more <span class=\"meta-nav\">&raquo;<\/span><\/a><\/p>\n","protected":false},"author":2,"featured_media":3215,"comment_status":"open","ping_status":"closed","sticky":false,"template":"","format":"standard","meta":{"footnotes":""},"categories":[1,41],"tags":[74,1310,395,40,1735,3990],"aioseo_notices":[],"_links":{"self":[{"href":"https:\/\/infois.ro\/index.php?rest_route=\/wp\/v2\/posts\/26302"}],"collection":[{"href":"https:\/\/infois.ro\/index.php?rest_route=\/wp\/v2\/posts"}],"about":[{"href":"https:\/\/infois.ro\/index.php?rest_route=\/wp\/v2\/types\/post"}],"author":[{"embeddable":true,"href":"https:\/\/infois.ro\/index.php?rest_route=\/wp\/v2\/users\/2"}],"replies":[{"embeddable":true,"href":"https:\/\/infois.ro\/index.php?rest_route=%2Fwp%2Fv2%2Fcomments&post=26302"}],"version-history":[{"count":1,"href":"https:\/\/infois.ro\/index.php?rest_route=\/wp\/v2\/posts\/26302\/revisions"}],"predecessor-version":[{"id":26303,"href":"https:\/\/infois.ro\/index.php?rest_route=\/wp\/v2\/posts\/26302\/revisions\/26303"}],"wp:featuredmedia":[{"embeddable":true,"href":"https:\/\/infois.ro\/index.php?rest_route=\/wp\/v2\/media\/3215"}],"wp:attachment":[{"href":"https:\/\/infois.ro\/index.php?rest_route=%2Fwp%2Fv2%2Fmedia&parent=26302"}],"wp:term":[{"taxonomy":"category","embeddable":true,"href":"https:\/\/infois.ro\/index.php?rest_route=%2Fwp%2Fv2%2Fcategories&post=26302"},{"taxonomy":"post_tag","embeddable":true,"href":"https:\/\/infois.ro\/index.php?rest_route=%2Fwp%2Fv2%2Ftags&post=26302"}],"curies":[{"name":"wp","href":"https:\/\/api.w.org\/{rel}","templated":true}]}}