{"id":26325,"date":"2016-11-22T16:22:27","date_gmt":"2016-11-22T14:22:27","guid":{"rendered":"http:\/\/infois.ro\/?p=26325"},"modified":"2016-11-23T06:24:28","modified_gmt":"2016-11-23T04:24:28","slug":"la-iasi-a-fost-infiintata-fundatia-pentru-dezvoltarea-moldovei","status":"publish","type":"post","link":"https:\/\/infois.ro\/?p=26325","title":{"rendered":"La Ia\u015fi a fost \u00eenfiin\u0163at\u0103 Funda\u0163ia pentru Dezvoltarea Moldovei"},"content":{"rendered":"<p style=\"text-align: justify;\"><a href=\"http:\/\/infois.ro\/wp-content\/uploads\/2016\/11\/consiliul-judetean.jpg\"><img loading=\"lazy\" decoding=\"async\" class=\"alignleft  wp-image-26221\" src=\"http:\/\/infois.ro\/wp-content\/uploads\/2016\/11\/consiliul-judetean.jpg\" alt=\"consiliul-judetean\" width=\"296\" height=\"197\" srcset=\"https:\/\/infois.ro\/wp-content\/uploads\/2016\/11\/consiliul-judetean.jpg 640w, https:\/\/infois.ro\/wp-content\/uploads\/2016\/11\/consiliul-judetean-300x200.jpg 300w\" sizes=\"(max-width: 296px) 100vw, 296px\" \/><\/a><\/p>\n<p style=\"text-align: justify;\">\u00centruni\u0163i \u00een \u015fedin\u0163\u0103 ordinar\u0103, consilierii jude\u0163eni ie\u015feni au aprobat mar\u0163i, 22 noiembrie,\u00a0 aprobarea proiectului de hot\u0103r\u00e2re privind ini\u0163ierea demersurilor \u00een vederea \u00eenfiin\u0163\u0103rii Funda\u0163iei pentru Dezvoltarea Moldovei (FPDM). \u00cen favoarea proiectului de hot\u0103r\u00e2re au votat consilierii PSD \u015fi ALDE, \u00een timp ce consilierii PNL \u015fi PMP s-au pronun\u0163at \u00eempotriva acestei ini\u0163iative. Pre\u015fedintele Consiliului Jude\u0163ean (CJ) Ia\u015fi, Maricel Popa, a declarat c\u0103 este dezam\u0103git de atitudinea consilierilor jude\u0163eni PNL \u015fi PMP, care au decis s\u0103 \u00eencerce blocarea unui proiect foarte important nu doar pentru jude\u0163ul Ia\u015fi, ci \u015fi pentru \u00eentreaga regiune a Moldovei. &#8220;Sunt foarte dezam\u0103git de modul \u00een care au \u00een\u0163eles colegii mei consilieri s\u0103 dezbat\u0103 un proiect foarte important al Ia\u015fului \u015fi al Moldovei. Ast\u0103zi era vorba doar despre ini\u0163ierea demersurilor pentru \u00eenfiin\u0163area acestei funda\u0163ii. \u00cei asigur de pe acum pe to\u0163i cei care vor dori c\u0103 sunt bineveni\u0163i sa fac\u0103 parte din aceast\u0103 structur\u0103, indiferent de culoarea politic\u0103. Vrem s\u0103 coagul\u0103m \u00een jurul nostru toat\u0103 elita administrativ\u0103 \u015fi academic\u0103 din Moldova. \u00cen loc s\u0103 facem front comun s\u0103 devenim o for\u0163\u0103 \u015fi o voce care s\u0103 conteze la Bucure\u015fti, noi ne sabot\u0103m din interior \u015fi punem mai presus interesul electoral \u015fi nu interesul jude\u0163ului\u201d, a declarat Maricel Popa. Din funda\u0163ie ar urma s\u0103 fac\u0103 parte reprezentan\u0163ii administra\u0163iilor jude\u0163ene din Moldova, ai mediului universitar \u015fi academic ie\u015fean, dar \u015fi ai societ\u0103\u0163ii civile.<\/p>\n","protected":false},"excerpt":{"rendered":"<p>\u00centruni\u0163i \u00een \u015fedin\u0163\u0103 ordinar\u0103, consilierii jude\u0163eni ie\u015feni au aprobat mar\u0163i, 22 noiembrie,\u00a0 aprobarea proiectului de&#8230; <a class=\"meta-more\" href=\"https:\/\/infois.ro\/?p=26325\">more <span class=\"meta-nav\">&raquo;<\/span><\/a><\/p>\n","protected":false},"author":2,"featured_media":26221,"comment_status":"open","ping_status":"closed","sticky":false,"template":"","format":"standard","meta":{"footnotes":""},"categories":[1,41],"tags":[74,133,8841,40],"aioseo_notices":[],"_links":{"self":[{"href":"https:\/\/infois.ro\/index.php?rest_route=\/wp\/v2\/posts\/26325"}],"collection":[{"href":"https:\/\/infois.ro\/index.php?rest_route=\/wp\/v2\/posts"}],"about":[{"href":"https:\/\/infois.ro\/index.php?rest_route=\/wp\/v2\/types\/post"}],"author":[{"embeddable":true,"href":"https:\/\/infois.ro\/index.php?rest_route=\/wp\/v2\/users\/2"}],"replies":[{"embeddable":true,"href":"https:\/\/infois.ro\/index.php?rest_route=%2Fwp%2Fv2%2Fcomments&post=26325"}],"version-history":[{"count":1,"href":"https:\/\/infois.ro\/index.php?rest_route=\/wp\/v2\/posts\/26325\/revisions"}],"predecessor-version":[{"id":26326,"href":"https:\/\/infois.ro\/index.php?rest_route=\/wp\/v2\/posts\/26325\/revisions\/26326"}],"wp:featuredmedia":[{"embeddable":true,"href":"https:\/\/infois.ro\/index.php?rest_route=\/wp\/v2\/media\/26221"}],"wp:attachment":[{"href":"https:\/\/infois.ro\/index.php?rest_route=%2Fwp%2Fv2%2Fmedia&parent=26325"}],"wp:term":[{"taxonomy":"category","embeddable":true,"href":"https:\/\/infois.ro\/index.php?rest_route=%2Fwp%2Fv2%2Fcategories&post=26325"},{"taxonomy":"post_tag","embeddable":true,"href":"https:\/\/infois.ro\/index.php?rest_route=%2Fwp%2Fv2%2Ftags&post=26325"}],"curies":[{"name":"wp","href":"https:\/\/api.w.org\/{rel}","templated":true}]}}