{"id":26346,"date":"2016-11-24T10:43:04","date_gmt":"2016-11-24T08:43:04","guid":{"rendered":"http:\/\/infois.ro\/?p=26346"},"modified":"2016-11-24T10:43:04","modified_gmt":"2016-11-24T08:43:04","slug":"infratiri-intre-localitatile-din-judetul-iasi-si-republica-moldova","status":"publish","type":"post","link":"https:\/\/infois.ro\/?p=26346","title":{"rendered":"\u00cenfr\u0103\u0163iri \u00eentre localit\u0103\u0163ile din jude\u0163ul Ia\u015fi \u015fi Republica Moldova"},"content":{"rendered":"<p style=\"text-align: justify;\"><a href=\"http:\/\/infois.ro\/wp-content\/uploads\/2016\/11\/infratiri.jpg\"><img loading=\"lazy\" decoding=\"async\" class=\"alignleft  wp-image-26347\" src=\"http:\/\/infois.ro\/wp-content\/uploads\/2016\/11\/infratiri.jpg\" alt=\"infratiri\" width=\"320\" height=\"222\" srcset=\"https:\/\/infois.ro\/wp-content\/uploads\/2016\/11\/infratiri.jpg 640w, https:\/\/infois.ro\/wp-content\/uploads\/2016\/11\/infratiri-300x208.jpg 300w\" sizes=\"(max-width: 320px) 100vw, 320px\" \/><\/a><\/p>\n<p style=\"text-align: justify;\">Primarii a 12 comune din jude\u0163ul Ia\u015fi, respectiv Belce\u015fti, Holboca, Lungani, M\u0103d\u00e2rjac, Mirce\u015fti, Mo\u015fna, Pope\u015fti, Rom\u00e2ne\u015fti, Sc\u00e2nteia, Tansa, Ungheni \u015fi Valea Seac\u0103 vor semna joi, 24 noiembrie, la Ia\u015fi, acorduri de \u00eenfr\u0103\u0163ire cu o serie de localit\u0103\u0163i din st\u00e2nga Prutului (L\u0103pu\u015fna, Mingir, Bozieni, Bujor, Mirce\u015fti, Cioara, Caracui, Nem\u0163eni, Leu\u015feni, Dr\u0103gu\u015fenii Noi, Log\u0103ne\u015fti \u015fi Sec\u0103reni), \u00een cadrul unei ceremonii care va avea loc \u00eencep\u00e2nd cu ora 10.00 la Palatul Culturii. Ac\u0163iunea face parte din cadrul unui protocol \u00eencheiat \u00eentre autorit\u0103\u0163ile locale din jude\u0163ul Ia\u015fi \u015fi cele din Republica Moldova, \u00een cadrul Euroregiunii Siret-Prut-Nistru. La eveniment vor fi prezen\u0163i Maricel Popa &#8211; pre\u0219edintele Consiliul Jude\u021bean (CJ) Ia\u0219i, pre\u0219edinte Euroregiunii Siret-Prut-Nistru \u015fi Ghenadie Buza &#8211; pre\u0219edintele raionului H\u00eence\u0219ti, vicepre\u0219edinte al Euroregiunii Siret-Prut-Nistru, al\u0103turi de primarii celor 24 de localit\u0103\u0163i din Rom\u00e2nia \u015fi Republica Moldova. \u00cen cadrul \u00eent\u00e2lnirii, pe l\u00e2ng\u0103 semnarea protocoalelor de \u00eenfr\u0103\u0163ire, vor avea loc prezent\u0103ri ale Asocia\u021biei de Dezvoltare Intracomunitar\u0103 EURONEST \u015fi a SC ApaVital SA. \u00cen \u00eencheiere, participan\u0163ii la \u00eent\u00e2lnire vor efectua un tur pe pietonalul \u015etefan cel Mare \u015fi Sf\u00e2nt, dup\u0103 care vor face o vizit\u0103 de studiu \u00een comunele Holboca \u0219i \u021au\u021bora.<\/p>\n","protected":false},"excerpt":{"rendered":"<p>Primarii a 12 comune din jude\u0163ul Ia\u015fi, respectiv Belce\u015fti, Holboca, Lungani, M\u0103d\u00e2rjac, Mirce\u015fti, Mo\u015fna, Pope\u015fti,&#8230; <a class=\"meta-more\" href=\"https:\/\/infois.ro\/?p=26346\">more <span class=\"meta-nav\">&raquo;<\/span><\/a><\/p>\n","protected":false},"author":2,"featured_media":26347,"comment_status":"open","ping_status":"closed","sticky":false,"template":"","format":"standard","meta":{"footnotes":""},"categories":[1,41],"tags":[74,348,507,547,40,8843],"aioseo_notices":[],"_links":{"self":[{"href":"https:\/\/infois.ro\/index.php?rest_route=\/wp\/v2\/posts\/26346"}],"collection":[{"href":"https:\/\/infois.ro\/index.php?rest_route=\/wp\/v2\/posts"}],"about":[{"href":"https:\/\/infois.ro\/index.php?rest_route=\/wp\/v2\/types\/post"}],"author":[{"embeddable":true,"href":"https:\/\/infois.ro\/index.php?rest_route=\/wp\/v2\/users\/2"}],"replies":[{"embeddable":true,"href":"https:\/\/infois.ro\/index.php?rest_route=%2Fwp%2Fv2%2Fcomments&post=26346"}],"version-history":[{"count":1,"href":"https:\/\/infois.ro\/index.php?rest_route=\/wp\/v2\/posts\/26346\/revisions"}],"predecessor-version":[{"id":26348,"href":"https:\/\/infois.ro\/index.php?rest_route=\/wp\/v2\/posts\/26346\/revisions\/26348"}],"wp:featuredmedia":[{"embeddable":true,"href":"https:\/\/infois.ro\/index.php?rest_route=\/wp\/v2\/media\/26347"}],"wp:attachment":[{"href":"https:\/\/infois.ro\/index.php?rest_route=%2Fwp%2Fv2%2Fmedia&parent=26346"}],"wp:term":[{"taxonomy":"category","embeddable":true,"href":"https:\/\/infois.ro\/index.php?rest_route=%2Fwp%2Fv2%2Fcategories&post=26346"},{"taxonomy":"post_tag","embeddable":true,"href":"https:\/\/infois.ro\/index.php?rest_route=%2Fwp%2Fv2%2Ftags&post=26346"}],"curies":[{"name":"wp","href":"https:\/\/api.w.org\/{rel}","templated":true}]}}