{"id":26395,"date":"2016-11-28T15:53:41","date_gmt":"2016-11-28T13:53:41","guid":{"rendered":"http:\/\/infois.ro\/?p=26395"},"modified":"2016-11-28T15:53:41","modified_gmt":"2016-11-28T13:53:41","slug":"contractul-privind-imprumutul-berd-pentru-achizitionarea-de-autobuze-noi-supus-spre-aprobare-plenului-clm","status":"publish","type":"post","link":"https:\/\/infois.ro\/?p=26395","title":{"rendered":"Contractul privind \u00eemprumutul BERD pentru achizi\u0163ionarea de autobuze noi, supus spre aprobare plenului CLM"},"content":{"rendered":"<p style=\"text-align: justify;\"><a href=\"http:\/\/infois.ro\/wp-content\/uploads\/2016\/08\/autobuz.jpg\"><img loading=\"lazy\" decoding=\"async\" class=\"alignleft  wp-image-24700\" src=\"http:\/\/infois.ro\/wp-content\/uploads\/2016\/08\/autobuz.jpg\" alt=\"autobuz\" width=\"323\" height=\"216\" srcset=\"https:\/\/infois.ro\/wp-content\/uploads\/2016\/08\/autobuz.jpg 640w, https:\/\/infois.ro\/wp-content\/uploads\/2016\/08\/autobuz-300x200.jpg 300w\" sizes=\"(max-width: 323px) 100vw, 323px\" \/><\/a><\/p>\n<p style=\"text-align: justify;\">Prim\u0103ria municipiului Ia\u015fi a \u00eencheiat negocierile cu Banca European\u0103 pentru Reconstruc\u0163ie \u015fi Dezvoltare (BERD) pentru achizi\u0163ionarea unui num\u0103r de 75 de autobuze noi pentru completarea parcului auto al Companiei de Transport Public (CTP). Forma final\u0103 a documentului va fi supus spre aprobare plenului Consiliului Local Municipal (CLM) \u00een cadrul \u015fedin\u0163ei de mar\u0163i, 29 noiembrie, programat\u0103 \u00eencep\u00e2nd cu ora 10.00, \u00een Sala Mare a Prim\u0103riei. &#8220;Creditul are c\u00e2\u0163iva indicatori foarte importan\u0163i. Este cel mai ieftin credit pe care Banca European\u0103 pentru Reconstruc\u0163ie \u015fi Dezvoltare (BERD) l-a acordat p\u00e2n\u0103 acum pentru o autoritate public\u0103 din Rom\u00e2nia,, cu EURIBOR-ul la \u015fase luni, ROBOR-ul la \u015fase luni, la care se adaug\u0103 o marj\u0103 de 1,3 puncte procentuale drept dob\u00e2nd\u0103. Mul\u0163umim BERD pentru flexibilitatea pe care a ar\u0103tat-o \u00een timpul negocierilor. De asemenea, trebuie subliniat faptul c\u0103 BERD a pus la dispozi\u0163ia municipiului Ia\u015fi un acord de consultan\u0163\u0103 pentru 300.000 de euro, \u00een favoarea implement\u0103rii acestui proiect, dar \u015fi pe mai departe, pentru implementarea strategiei de implementare a transportului public de persoane \u00een municipiul Ia\u015fi, la nivel metropolitan. Creditul are o maturitate de doi ani de gra\u0163ie plus zece ani de rambursare a creditului efectiv&#8221;, a declarat primarul Mihai Chirica, \u00eentr-o conferin\u0163\u0103 de pres\u0103, sus\u0163inut\u0103 luni la sediul municipalit\u0103\u0163ii. Potrivit edilului, re\u00eennoirea parcului auto al RATP reprezint\u0103 primul pas \u00een procesul de modernizare a\u00a0 transportului \u00een comun din ora\u0219 \u0219i de implementare a transportului urban la nivel metropolitan. Cele 75 de autobuze noi, care vor fi\u00a0 achizi\u021bionate cu banii de la BERD au norma de poluare Euro 6, podea joas\u0103, rampe pentru urcarea\/debarcarea persoanelor cu dizabilit\u0103\u021bi, fiind dotate cu instala\u021bii de aer condi\u021bionat \u0219i de supraveghere video, acestea urm\u00e2nd s\u0103 ajung\u0103 cel mai devreme la Ia\u0219i \u00een luna martie 2017.<\/p>\n","protected":false},"excerpt":{"rendered":"<p>Prim\u0103ria municipiului Ia\u015fi a \u00eencheiat negocierile cu Banca European\u0103 pentru Reconstruc\u0163ie \u015fi Dezvoltare (BERD) pentru&#8230; <a class=\"meta-more\" href=\"https:\/\/infois.ro\/?p=26395\">more <span class=\"meta-nav\">&raquo;<\/span><\/a><\/p>\n","protected":false},"author":2,"featured_media":24700,"comment_status":"open","ping_status":"closed","sticky":false,"template":"","format":"standard","meta":{"footnotes":""},"categories":[1,41],"tags":[74,867,2848,5121,8850,40,8849],"aioseo_notices":[],"_links":{"self":[{"href":"https:\/\/infois.ro\/index.php?rest_route=\/wp\/v2\/posts\/26395"}],"collection":[{"href":"https:\/\/infois.ro\/index.php?rest_route=\/wp\/v2\/posts"}],"about":[{"href":"https:\/\/infois.ro\/index.php?rest_route=\/wp\/v2\/types\/post"}],"author":[{"embeddable":true,"href":"https:\/\/infois.ro\/index.php?rest_route=\/wp\/v2\/users\/2"}],"replies":[{"embeddable":true,"href":"https:\/\/infois.ro\/index.php?rest_route=%2Fwp%2Fv2%2Fcomments&post=26395"}],"version-history":[{"count":1,"href":"https:\/\/infois.ro\/index.php?rest_route=\/wp\/v2\/posts\/26395\/revisions"}],"predecessor-version":[{"id":26396,"href":"https:\/\/infois.ro\/index.php?rest_route=\/wp\/v2\/posts\/26395\/revisions\/26396"}],"wp:featuredmedia":[{"embeddable":true,"href":"https:\/\/infois.ro\/index.php?rest_route=\/wp\/v2\/media\/24700"}],"wp:attachment":[{"href":"https:\/\/infois.ro\/index.php?rest_route=%2Fwp%2Fv2%2Fmedia&parent=26395"}],"wp:term":[{"taxonomy":"category","embeddable":true,"href":"https:\/\/infois.ro\/index.php?rest_route=%2Fwp%2Fv2%2Fcategories&post=26395"},{"taxonomy":"post_tag","embeddable":true,"href":"https:\/\/infois.ro\/index.php?rest_route=%2Fwp%2Fv2%2Ftags&post=26395"}],"curies":[{"name":"wp","href":"https:\/\/api.w.org\/{rel}","templated":true}]}}