{"id":2640,"date":"2012-11-05T13:22:03","date_gmt":"2012-11-05T11:22:03","guid":{"rendered":"http:\/\/infois.ro\/?p=2640"},"modified":"2012-11-05T13:22:03","modified_gmt":"2012-11-05T11:22:03","slug":"incepand-din-5-noiembrie-iesenii-isi-pot-ridica-buletinele-de-la-iulius-mall","status":"publish","type":"post","link":"https:\/\/infois.ro\/?p=2640","title":{"rendered":"\u00cencep\u00e2nd din 5 noiembrie, ie\u0219enii \u00ee\u0219i pot ridica buletinele de la Iulius Mall"},"content":{"rendered":"<p style=\"text-align: justify;\"><a class=\"highslide\" onclick=\"return vz.expand(this)\" href=\"http:\/\/infois.ro\/wp-content\/uploads\/2012\/11\/iulius-mall.jpg\"><img loading=\"lazy\" decoding=\"async\" class=\"alignleft size-large wp-image-2641\" title=\"iulius mall\" src=\"http:\/\/infois.ro\/wp-content\/uploads\/cache\/2012\/11\/iulius-mall\/451586249.jpg\" alt=\"\" width=\"1024\" height=\"767\" \/><\/a>\u00cencep\u00e2nd de luni, 5 noiembrie, ie\u0219enii care urmeaz\u0103 s\u0103 ob\u021bin\u0103 eliberarea actelor de identitate o pot face \u00een noul sediu al Direc\u021biei Locale de Eviden\u021b\u0103 a Persoanei (DLEP), situat la etajul al doilea de la Iulius Mall. Inaugurarea noului sediu a avut loc duminic\u0103, 4 octombrie, \u00een prezen\u021ba ministrului Internelor \u0219i Administra\u021biei, Mircea Du\u0219a, \u0219i a oficialit\u0103\u021bilor locale. Sediul are o\u00a0 suprafa\u021b\u0103 total\u0103 de 511 metri p\u0103tra\u021bi, jum\u0103tate din acesta fiind destinat rela\u021biei cu publicul, respectiv birourilor de preluare a documentelor \u00een vederea eliber\u0103rii actelor de identitate, camerelor \u00een care se afl\u0103 instalate echipamentele de prelucrare a fotografiilor \u0219i s\u0103lilor de a\u0219teptare pentru popula\u021bie. Odat\u0103 cu inaugurarea noului sediu de la Iulius Mall, Direc\u021bia Local\u0103 de Eviden\u021b\u0103 a Popula\u021biei a achizi\u021bionat \u00eenc\u0103 cinci echipamente noi de preluare a imaginilor, \u00een prezent num\u0103rul acestora fiind de \u0219ase, lucru care va conduce la reducerea semnificativ\u0103 a timpului de a\u0219teptare al beneficiarilor. Principalele motive pentru care conducerea Prim\u0103riei a decis mutarea DLEP \u00eentr-o nou\u0103 loca\u021bie au fost spa\u021biul mic al sediului de pe strada Otilia Cazimir (circa 300 de metri p\u0103tra\u021bi), precum \u0219i num\u0103rului mare de documente care trebuie procesate zilnic. \u00a0La licita\u021bia organizat\u0103 de municipalitate a depus ofert\u0103 o singur\u0103 firm\u0103 (Iulius Group), care a pus la dispozi\u021bie un\u00a0spa\u0163iu\u00a0situate la etajul al doilea de la Iulius Mall. Chiria pl\u0103tit\u0103 de municipalitate este una modic\u0103, de un leu pe lun\u0103, contractul fiind \u00eencheiat pe o perioad\u0103 de patru ani, cu posibilitate de prelungire. <strong><\/strong><\/p>\n","protected":false},"excerpt":{"rendered":"<p>\u00cencep\u00e2nd de luni, 5 noiembrie, ie\u0219enii care urmeaz\u0103 s\u0103 ob\u021bin\u0103 eliberarea actelor de identitate o&#8230; <a class=\"meta-more\" href=\"https:\/\/infois.ro\/?p=2640\">more <span class=\"meta-nav\">&raquo;<\/span><\/a><\/p>\n","protected":false},"author":2,"featured_media":2641,"comment_status":"open","ping_status":"open","sticky":false,"template":"","format":"standard","meta":{"footnotes":""},"categories":[1,41],"tags":[74,556,1140,79],"aioseo_notices":[],"_links":{"self":[{"href":"https:\/\/infois.ro\/index.php?rest_route=\/wp\/v2\/posts\/2640"}],"collection":[{"href":"https:\/\/infois.ro\/index.php?rest_route=\/wp\/v2\/posts"}],"about":[{"href":"https:\/\/infois.ro\/index.php?rest_route=\/wp\/v2\/types\/post"}],"author":[{"embeddable":true,"href":"https:\/\/infois.ro\/index.php?rest_route=\/wp\/v2\/users\/2"}],"replies":[{"embeddable":true,"href":"https:\/\/infois.ro\/index.php?rest_route=%2Fwp%2Fv2%2Fcomments&post=2640"}],"version-history":[{"count":1,"href":"https:\/\/infois.ro\/index.php?rest_route=\/wp\/v2\/posts\/2640\/revisions"}],"predecessor-version":[{"id":2642,"href":"https:\/\/infois.ro\/index.php?rest_route=\/wp\/v2\/posts\/2640\/revisions\/2642"}],"wp:featuredmedia":[{"embeddable":true,"href":"https:\/\/infois.ro\/index.php?rest_route=\/wp\/v2\/media\/2641"}],"wp:attachment":[{"href":"https:\/\/infois.ro\/index.php?rest_route=%2Fwp%2Fv2%2Fmedia&parent=2640"}],"wp:term":[{"taxonomy":"category","embeddable":true,"href":"https:\/\/infois.ro\/index.php?rest_route=%2Fwp%2Fv2%2Fcategories&post=2640"},{"taxonomy":"post_tag","embeddable":true,"href":"https:\/\/infois.ro\/index.php?rest_route=%2Fwp%2Fv2%2Ftags&post=2640"}],"curies":[{"name":"wp","href":"https:\/\/api.w.org\/{rel}","templated":true}]}}