{"id":26423,"date":"2016-11-29T16:58:12","date_gmt":"2016-11-29T14:58:12","guid":{"rendered":"http:\/\/infois.ro\/?p=26423"},"modified":"2016-11-30T16:01:32","modified_gmt":"2016-11-30T14:01:32","slug":"clm-a-aprobat-contractul-de-credit-incheiat-cu-berd-in-vederea-achizitionarii-de-autobuze-noi","status":"publish","type":"post","link":"https:\/\/infois.ro\/?p=26423","title":{"rendered":"CLM a aprobat contractul de credit \u00eencheiat cu BERD \u00een vederea achizi\u0163ion\u0103rii de autobuze noi"},"content":{"rendered":"<p style=\"text-align: justify;\"><a href=\"http:\/\/infois.ro\/wp-content\/uploads\/2016\/11\/consiliul-local-iasi.jpg\"><img loading=\"lazy\" decoding=\"async\" class=\"alignleft  wp-image-26023\" src=\"http:\/\/infois.ro\/wp-content\/uploads\/2016\/11\/consiliul-local-iasi.jpg\" alt=\"consiliul-local-iasi\" width=\"315\" height=\"210\" srcset=\"https:\/\/infois.ro\/wp-content\/uploads\/2016\/11\/consiliul-local-iasi.jpg 640w, https:\/\/infois.ro\/wp-content\/uploads\/2016\/11\/consiliul-local-iasi-300x200.jpg 300w\" sizes=\"(max-width: 315px) 100vw, 315px\" \/><\/a><\/p>\n<p style=\"text-align: justify;\">\u00centruni\u0163i \u00een \u015fedin\u0163\u0103 ordinar\u0103, consilierii locali ie\u015feni au aprobat mar\u0163i, 29 noiembrie, cu unanimitate de voturi, contractul de credit \u00een valoare de 15 milioane de euro, respectiv 67,5 milioane de lei, \u00eencheiat de Prim\u0103ria municipiului Ia\u015fi cu Banca European\u0103 de Reconstruc\u0163ie \u015fi Dezvoltare (BERD), \u00een vederea achizi\u0163ion\u0103rii unui num\u0103r de 75 de autobuze noi pentru Compania de Transport Public (CTP). Primarul Mihai Chirica a subliniat c\u0103 prin contractarea \u00eemprumutului de la BERD nu va fi afectat gradul de \u00eendatorare al ora\u0219ului \u0219i niciun alt proiect de investi\u021bii, derulat \u00een prezent la nivelul Prim\u0103riei, nu va avea de suferit. \u201dAvem suma necesar\u0103 pentru rambursarea acestui credit \u0219i suntem \u00een m\u0103sur\u0103 s\u0103 mergem mai departe cu acest proiect. Avem nevoie de expertiza BERD pentru a putea implementa proiectul, aceasta fiind oferit\u0103 \u00een mod gratuit municipiului Ia\u0219i. Aceast\u0103 consultan\u021b\u0103 gratuit\u0103 este foarte important\u0103 pentru noi, pentru c\u0103 ea vine dintr-o experien\u021b\u0103 controlat\u0103 \u0219i verificat\u0103 at\u00e2t \u00een ora\u0219e din Europa Occidental\u0103, c\u00e2t \u0219i \u00een localit\u0103\u021bi importante din Rom\u00e2nia\u201d, a afirmat Mihai Chirica. Potrivit edilului, re\u00eennoirea parcului auto al RATP reprezint\u0103 primul pas \u00een procesul de modernizare a\u00a0 transportului \u00een comun din ora\u0219 \u0219i de implementare a transportului urban la nivel metropolitan. Cele 75 de autobuze noi, care vor fi\u00a0 achizi\u021bionate cu banii de la BERD au norma de poluare Euro 6, podea joas\u0103, rampe pentru urcarea\/debarcarea persoanelor cu dizabilit\u0103\u021bi, fiind dotate cu instala\u021bii de aer condi\u021bionat \u0219i de supraveghere video, acestea urm\u00e2nd s\u0103 ajung\u0103 cel mai devreme la Ia\u0219i \u00een luna martie 2017. Tot \u00een cadrul \u015fedin\u0163ei de mar\u0163i a CLM a fost aprobat cu unanimitate de voturi programul \u015fi bugetul S\u0103rb\u0103torilor de iarn\u0103 din acest an, \u00een valoare de 1,5 milioane de lei. Printre activit\u0103\u0163ile incluse \u00een program se num\u0103r\u0103 organizarea Or\u0103\u015felului Copiilor, instalarea de brazi \u00een toate cartierele din ora\u015f, Seara Excelen\u0163ei \u00een Educa\u0163ie, Festivalul Folcloric &#8220;Datini \u015fi obiceiuri de iarn\u0103\u201c, Gala Excelen\u0163ei Sportului Ie\u015fean, precum \u015fi organizarea Revelionului \u00een strad\u0103 \u015fi a focului de artificii din seara de 31 decembrie. Printre alte proiecte importante de hot\u0103r\u00e2re, aprobate de consilierii locali, se num\u0103r\u0103 \u00eencheierea acordului de asociare\u00a0 dintre municipiul Ia\u015fi \u015fi Asocia\u0163ia Comunitar\u0103 Ia\u015fi \u00een vederea regener\u0103rii spa\u0163iilor urbane. Nu \u00een ultimul r\u00e2nd, ale\u015fii locali au aprobat, cu unanimitate de voturi, conferirea titlului de Cet\u0103\u0163ean de onoare al municipiului Ia\u015fi pentru dou\u0103 personalit\u0103\u0163i reprezentative ale ora\u015fului, este vorba despre profesorul Dimitrie Vicoveanu \u015fi soprana Nelly Miricioiu.<\/p>\n<p style=\"text-align: justify;\">\n","protected":false},"excerpt":{"rendered":"<p>\u00centruni\u0163i \u00een \u015fedin\u0163\u0103 ordinar\u0103, consilierii locali ie\u015feni au aprobat mar\u0163i, 29 noiembrie, cu unanimitate de&#8230; <a class=\"meta-more\" href=\"https:\/\/infois.ro\/?p=26423\">more <span class=\"meta-nav\">&raquo;<\/span><\/a><\/p>\n","protected":false},"author":2,"featured_media":26023,"comment_status":"open","ping_status":"closed","sticky":false,"template":"","format":"standard","meta":{"footnotes":""},"categories":[1,41],"tags":[74,867,1553,2848,5121,40,1397],"aioseo_notices":[],"_links":{"self":[{"href":"https:\/\/infois.ro\/index.php?rest_route=\/wp\/v2\/posts\/26423"}],"collection":[{"href":"https:\/\/infois.ro\/index.php?rest_route=\/wp\/v2\/posts"}],"about":[{"href":"https:\/\/infois.ro\/index.php?rest_route=\/wp\/v2\/types\/post"}],"author":[{"embeddable":true,"href":"https:\/\/infois.ro\/index.php?rest_route=\/wp\/v2\/users\/2"}],"replies":[{"embeddable":true,"href":"https:\/\/infois.ro\/index.php?rest_route=%2Fwp%2Fv2%2Fcomments&post=26423"}],"version-history":[{"count":1,"href":"https:\/\/infois.ro\/index.php?rest_route=\/wp\/v2\/posts\/26423\/revisions"}],"predecessor-version":[{"id":26424,"href":"https:\/\/infois.ro\/index.php?rest_route=\/wp\/v2\/posts\/26423\/revisions\/26424"}],"wp:featuredmedia":[{"embeddable":true,"href":"https:\/\/infois.ro\/index.php?rest_route=\/wp\/v2\/media\/26023"}],"wp:attachment":[{"href":"https:\/\/infois.ro\/index.php?rest_route=%2Fwp%2Fv2%2Fmedia&parent=26423"}],"wp:term":[{"taxonomy":"category","embeddable":true,"href":"https:\/\/infois.ro\/index.php?rest_route=%2Fwp%2Fv2%2Fcategories&post=26423"},{"taxonomy":"post_tag","embeddable":true,"href":"https:\/\/infois.ro\/index.php?rest_route=%2Fwp%2Fv2%2Ftags&post=26423"}],"curies":[{"name":"wp","href":"https:\/\/api.w.org\/{rel}","templated":true}]}}