{"id":26431,"date":"2016-11-29T15:13:39","date_gmt":"2016-11-29T13:13:39","guid":{"rendered":"http:\/\/infois.ro\/?p=26431"},"modified":"2016-11-30T16:17:08","modified_gmt":"2016-11-30T14:17:08","slug":"spatiile-publice-din-oras-revitalizate-prin-intermediul-unui-proiect-realizat-de-primarie-in-colaborare-cu-fundatia-comunitara-iasi","status":"publish","type":"post","link":"https:\/\/infois.ro\/?p=26431","title":{"rendered":"Spa\u0163iile publice din ora\u015f, revitalizate prin intermediul unui proiect realizat de Prim\u0103rie \u00een colaborare cu Funda\u0163ia Comunitar\u0103 Ia\u015fi"},"content":{"rendered":"<p style=\"line-height: 21.6pt; background: white; vertical-align: baseline; margin: 0in 0in 15pt; text-align: justify;\"><a href=\"http:\/\/infois.ro\/wp-content\/uploads\/2016\/02\/parcul-gulliver.jpg\"><img loading=\"lazy\" decoding=\"async\" class=\"alignleft  wp-image-22062\" src=\"http:\/\/infois.ro\/wp-content\/uploads\/2016\/02\/parcul-gulliver.jpg\" alt=\"parcul-gulliver\" width=\"338\" height=\"254\" srcset=\"https:\/\/infois.ro\/wp-content\/uploads\/2016\/02\/parcul-gulliver.jpg 600w, https:\/\/infois.ro\/wp-content\/uploads\/2016\/02\/parcul-gulliver-300x225.jpg 300w\" sizes=\"(max-width: 338px) 100vw, 338px\" \/><\/a><\/p>\n<p style=\"line-height: 21.6pt; background: white; vertical-align: baseline; margin: 0in 0in 15pt; text-align: justify;\"><span style=\"font-size: 14.0pt; color: #333333;\">\u00cen cadrul \u015fedin\u0163ei de mar\u0163i, 29 noiembrie, consilierii locali au aprobat semnarea pe o perioad\u0103 de cinci ani a unui acord de parteneriat \u00eentre Prim\u0103rie \u015fi Funda\u021bia Comunitar\u0103 Ia\u0219i, obiectivul acestui document fiind cooperarea \u00eentre cele dou\u0103 entit\u0103\u021bi \u00een vederea revitaliz\u0103rii urbane a spa\u021biilor publice, \u00een complementaritate cu efortul bugetar public. Potrivit notei de fundamentare a \u00eenso\u0163it proiectul de hot\u0103r\u00e2re, solu\u021biile de reamenajare a spa\u021biilor urbane care vor fi identificate rezult\u0103 din organizarea unui concurs de proiecte, gestionat de Funda\u021bia Comunitar\u0103 Ia\u0219i, prin care comunitatea vine cu solu\u021bii de reamenajare sau cosmetizare a unor spa\u021bii publice. Solu\u021biile propuse vor putea fi implementate numai cu acordul Prim\u0103riei municipiului Ia\u0219i. Ulterior, Prim\u0103ria va prelua \u00een proprietate, cu titlu gratuit, investi\u021biile realizate cu fonduri atrase de Funda\u021bia Comunitar\u0103 Ia\u0219i, realiz\u00e2ndu-se astfel economii la bugetul local. Primele amplasamente propuse sunt aleea Grigore Ghica Vod\u0103 \u0219i parcul de pe versantul Sinagogii din T\u00e2rgu Cucu. Interven\u021biile dorite privesc refunc\u021bionalizarea spa\u021biilor cu utilitate comunitar\u0103, cosmetizarea spa\u021biilor verzi \u0219i instalarea de mobilier urban de relaxare. &#8220;Concret, proiectul ini\u021biat de Funda\u021bia Comunitar\u0103 se nume\u0219te Fondul Cardul Comunit\u0103\u021bii \u0219i este un program de dezvoltare comunitar\u0103 care urm\u0103re\u0219te sprijinirea antreprenoriatului local. Astfel, ie\u0219enii contribuie la economia local\u0103 prin achizi\u021bionarea de produse \u0219i servicii ale antreprenorilor locali din program, iar ace\u0219tia doneaz\u0103 pentru un fond de finan\u021bare nerambursabil\u0103 a proiectelor de revitalizare urban\u0103 (Fondul Cardul Comunit\u0103\u021bii). Valoarea financiar\u0103 a fondului, la aceast\u0103 rund\u0103 de finan\u021bare, este de aproximativ 2.500 de euro&#8221;, afirm\u0103 reprezentan\u0163ii municipalit\u0103\u0163ii. Prin programele de revitalizare urban\u0103, Funda\u021bia Comunitar\u0103 Ia\u0219i urm\u0103re\u0219te s\u0103 finan\u021beze proiecte ale comunit\u0103\u021bii care transform\u0103 spa\u021biile neutilizate \u00een locuri cu impact estetic sau cu utilitate comunitar\u0103; amenajeaz\u0103 gr\u0103dini \/ spa\u021bii verzi \/ parcuri; construiesc noi spa\u021bii \/ lounge-uri urbane de relaxare \u0219i petrecere a timpului liber; reamenajeaz\u0103 spa\u021bii cu acces public astfel \u00eenc\u00e2t s\u0103 fie mai eficiente cu utilizarea de materiale reutilizabile \u0219i pentru a educa publicul larg \u00een acest sens; transform\u0103 vegeta\u021bia din zonele vizate \u00een locuri de joac\u0103 pentru copii sau de petrecere a timpului liber pentru cet\u0103\u021beni; recicleaz\u0103 \u0219i reutilizeaz\u0103 diferite materiale pentru amenajarea spa\u021biului; pun \u00een practic\u0103 sau promoveaz\u0103 c\u0103tre publicul larg metode inovative de reciclare \u0219i folosire economic\u0103 a resurselor \u0219i alte idei creative de \u00eenfrumuse\u021bare a spa\u021biilor \/ zonelor urbane. <\/span><\/p>\n","protected":false},"excerpt":{"rendered":"<p>\u00cen cadrul \u015fedin\u0163ei de mar\u0163i, 29 noiembrie, consilierii locali au aprobat semnarea pe o perioad\u0103&#8230; <a class=\"meta-more\" href=\"https:\/\/infois.ro\/?p=26431\">more <span class=\"meta-nav\">&raquo;<\/span><\/a><\/p>\n","protected":false},"author":2,"featured_media":22062,"comment_status":"open","ping_status":"closed","sticky":false,"template":"","format":"standard","meta":{"footnotes":""},"categories":[1,41],"tags":[74,40,1295,928,3112,496],"aioseo_notices":[],"_links":{"self":[{"href":"https:\/\/infois.ro\/index.php?rest_route=\/wp\/v2\/posts\/26431"}],"collection":[{"href":"https:\/\/infois.ro\/index.php?rest_route=\/wp\/v2\/posts"}],"about":[{"href":"https:\/\/infois.ro\/index.php?rest_route=\/wp\/v2\/types\/post"}],"author":[{"embeddable":true,"href":"https:\/\/infois.ro\/index.php?rest_route=\/wp\/v2\/users\/2"}],"replies":[{"embeddable":true,"href":"https:\/\/infois.ro\/index.php?rest_route=%2Fwp%2Fv2%2Fcomments&post=26431"}],"version-history":[{"count":1,"href":"https:\/\/infois.ro\/index.php?rest_route=\/wp\/v2\/posts\/26431\/revisions"}],"predecessor-version":[{"id":26432,"href":"https:\/\/infois.ro\/index.php?rest_route=\/wp\/v2\/posts\/26431\/revisions\/26432"}],"wp:featuredmedia":[{"embeddable":true,"href":"https:\/\/infois.ro\/index.php?rest_route=\/wp\/v2\/media\/22062"}],"wp:attachment":[{"href":"https:\/\/infois.ro\/index.php?rest_route=%2Fwp%2Fv2%2Fmedia&parent=26431"}],"wp:term":[{"taxonomy":"category","embeddable":true,"href":"https:\/\/infois.ro\/index.php?rest_route=%2Fwp%2Fv2%2Fcategories&post=26431"},{"taxonomy":"post_tag","embeddable":true,"href":"https:\/\/infois.ro\/index.php?rest_route=%2Fwp%2Fv2%2Ftags&post=26431"}],"curies":[{"name":"wp","href":"https:\/\/api.w.org\/{rel}","templated":true}]}}