{"id":2644,"date":"2012-11-05T13:29:12","date_gmt":"2012-11-05T11:29:12","guid":{"rendered":"http:\/\/infois.ro\/?p=2644"},"modified":"2012-11-05T13:29:12","modified_gmt":"2012-11-05T11:29:12","slug":"iasul-a-dat-startul-campaniei-nationale-impadurim-romania","status":"publish","type":"post","link":"https:\/\/infois.ro\/?p=2644","title":{"rendered":"Ia\u0219ul a dat startul campaniei na\u021bionale \u201d\u00cemp\u0103durim Rom\u00e2nia!\u201d"},"content":{"rendered":"<p style=\"text-align: justify;\"><a class=\"highslide\" onclick=\"return vz.expand(this)\" href=\"http:\/\/infois.ro\/wp-content\/uploads\/2012\/11\/impadurire.jpg\"><img loading=\"lazy\" decoding=\"async\" class=\"alignleft  wp-image-2645\" title=\"impadurire\" src=\"http:\/\/infois.ro\/wp-content\/uploads\/cache\/2012\/11\/impadurire\/1133335641.jpg\" alt=\"\" width=\"908\" height=\"295\" \/><\/a>Secretarul de stat \u00een Ministerul Mediului \u015fi P\u0103durilor (MMP), Mugur Cozmanciuc, a dat startul s\u00e2mb\u0103t\u0103, 3 noiembrie, la R\u0103duc\u0103neni, \u00een jude\u0163ul Ia\u015fi, \u0219i ulterior la Dume\u0219ti, campaniei na\u0163ionale de plantare \u00a0a copacilor, intitulat\u0103 \u201c\u00cemp\u0103durim Rom\u00e2nia!\u201d. Proiectul, ini\u021biat de Ministerul Mediului \u015fi P\u0103durilor, are ca scop \u00eemp\u0103durirea mai multor suprafe\u0163e de teren din majoritatea jude\u0163elor, unde vor fi planta\u0163i in total peste 26 de milioane de puie\u0163i. \u201dCre\u015fterea gradului de \u00eemp\u0103durire a fost principala mea prioritate la Ministerul Mediului \u015fi P\u0103durilor, de aceea, prima m\u0103sur\u0103, \u00een calitate de secretar de stat, a fost ini\u0163ierea Strategiei Forestiere Na\u0163ionale 2013-2022 \u201d\u00cemp\u0103durim Rom\u00e2nia\u201d. Cu acest prilej, \u00een luna noiembrie vor fi planta\u021bi, \u00een total, 26 de milioane de puie\u0163i, \u00eencep\u00e2nd cu zonele cele mai vulnerabile din toate jude\u0163ele \u0163\u0103rii. M\u0103 bucur\u0103 faptul c\u0103 jude\u0163ul Ia\u015fi, prin comuna R\u0103duc\u0103neni \u015fi comuna Dume\u015fti,\u00a0 este prezent pe harta \u00eemp\u0103duririlor na\u0163ionale \u015fi le mul\u0163umesc primarilor din aceste localit\u0103\u0163ii pentru sprijin \u201d, a declarat Mugur Cozmaniciuc. La campanie au fost prezen\u0163i reprezentan\u021bi ai Regiei Na\u0163ionale a P\u0103durilor, directorii Direc\u0163ilor Silvice Ia\u015fi, Neam\u0163, Vaslui, Suceava \u0219i Bac\u0103u. \u201e\u00cen localit\u0103\u0163ile R\u0103duc\u0103neni \u015fi Dume\u015fti am plantat 25.000 de puie\u0163i de salc\u00e2m, proveni\u0163i din pepinierele proprii ale Regiei Na\u0163ionale a P\u0103durilor\u201d, a declarat Corneliu Parascan, directorul Direc\u0163iei Silvice Ia\u015fi. De asemenea au mai fost prezen\u0163i reprezentan\u0163i ai administra\u0163iei publice locale, respectiv directori ai unor servicii publice deconcentrate \u015fi primari din localit\u0103\u0163ile din \u00eenvecinate. \u00a0\u201eAstfel de ac\u0163iunii trebuie s\u0103 fie sus\u0163inute \u015fi m\u0103 bucur de faptul c\u0103 este o implicare mare din partea comunit\u0103\u0163ii locale \u00een acest demers de a cre\u015fte gradul de \u00eemp\u0103durire din jude\u0163ul Ia\u015fi. De asemenea, un lucru extrem de important este realizarea cadastrului forestier\u201d, a afirmat directorul de la Oficiul de Cadastr\u0103u \u015fi Publicitate Imobiliar\u0103 (OCPI) Ia\u0219i, Costel Alexe.<\/p>\n","protected":false},"excerpt":{"rendered":"<p>Secretarul de stat \u00een Ministerul Mediului \u015fi P\u0103durilor (MMP), Mugur Cozmanciuc, a dat startul s\u00e2mb\u0103t\u0103,&#8230; <a class=\"meta-more\" href=\"https:\/\/infois.ro\/?p=2644\">more <span class=\"meta-nav\">&raquo;<\/span><\/a><\/p>\n","protected":false},"author":2,"featured_media":2645,"comment_status":"open","ping_status":"open","sticky":false,"template":"","format":"standard","meta":{"footnotes":""},"categories":[1,41],"tags":[74,40,1124,1141],"aioseo_notices":[],"_links":{"self":[{"href":"https:\/\/infois.ro\/index.php?rest_route=\/wp\/v2\/posts\/2644"}],"collection":[{"href":"https:\/\/infois.ro\/index.php?rest_route=\/wp\/v2\/posts"}],"about":[{"href":"https:\/\/infois.ro\/index.php?rest_route=\/wp\/v2\/types\/post"}],"author":[{"embeddable":true,"href":"https:\/\/infois.ro\/index.php?rest_route=\/wp\/v2\/users\/2"}],"replies":[{"embeddable":true,"href":"https:\/\/infois.ro\/index.php?rest_route=%2Fwp%2Fv2%2Fcomments&post=2644"}],"version-history":[{"count":1,"href":"https:\/\/infois.ro\/index.php?rest_route=\/wp\/v2\/posts\/2644\/revisions"}],"predecessor-version":[{"id":2646,"href":"https:\/\/infois.ro\/index.php?rest_route=\/wp\/v2\/posts\/2644\/revisions\/2646"}],"wp:featuredmedia":[{"embeddable":true,"href":"https:\/\/infois.ro\/index.php?rest_route=\/wp\/v2\/media\/2645"}],"wp:attachment":[{"href":"https:\/\/infois.ro\/index.php?rest_route=%2Fwp%2Fv2%2Fmedia&parent=2644"}],"wp:term":[{"taxonomy":"category","embeddable":true,"href":"https:\/\/infois.ro\/index.php?rest_route=%2Fwp%2Fv2%2Fcategories&post=2644"},{"taxonomy":"post_tag","embeddable":true,"href":"https:\/\/infois.ro\/index.php?rest_route=%2Fwp%2Fv2%2Ftags&post=2644"}],"curies":[{"name":"wp","href":"https:\/\/api.w.org\/{rel}","templated":true}]}}