{"id":26539,"date":"2016-12-08T18:29:13","date_gmt":"2016-12-08T16:29:13","guid":{"rendered":"http:\/\/infois.ro\/?p=26539"},"modified":"2016-12-09T08:36:12","modified_gmt":"2016-12-09T06:36:12","slug":"calatorii-virtuale-acasa-la-mos-craciun-reni-vorbitori-si-plimbari-cu-trenuletul-atractiile-de-la-palas-pentru-copii","status":"publish","type":"post","link":"https:\/\/infois.ro\/?p=26539","title":{"rendered":"C\u0103l\u0103torii virtuale acas\u0103 la Mo\u015f Cr\u0103ciun, reni vorbitori \u015fi plimb\u0103ri cu trenule\u0163ul, atrac\u0163iile de la Palas pentru copii"},"content":{"rendered":"<p class=\"yiv7103380893MsoNormal\" style=\"text-align: justify;\"><a href=\"http:\/\/infois.ro\/wp-content\/uploads\/2016\/12\/palas1-2.jpg\"><img loading=\"lazy\" decoding=\"async\" class=\"alignleft  wp-image-26540\" src=\"http:\/\/infois.ro\/wp-content\/uploads\/2016\/12\/palas1-2.jpg\" alt=\"palas1\" width=\"302\" height=\"214\" srcset=\"https:\/\/infois.ro\/wp-content\/uploads\/2016\/12\/palas1-2.jpg 640w, https:\/\/infois.ro\/wp-content\/uploads\/2016\/12\/palas1-2-300x213.jpg 300w\" sizes=\"(max-width: 302px) 100vw, 302px\" \/><\/a><\/p>\n<p id=\"yui_3_16_0_ym19_1_1481264937061_22968\" class=\"yiv7103380893MsoNormal\" style=\"text-align: justify;\"><b id=\"yui_3_16_0_ym19_1_1481264937061_22967\"><i id=\"yui_3_16_0_ym19_1_1481264937061_22966\"><span id=\"yui_3_16_0_ym19_1_1481264937061_22965\" lang=\"RO\">Se anun\u0163\u0103 un weekend plin de distrac\u0163ie la Palas, \u00een special pentru copii. \u00cen Atriumul Palas Mall, cei mici se pot plimba cu trenule\u0163ul, pot c\u00e2nta colinde \u00eempreun\u0103 cu trei reni vorb\u0103re\u0163i sau pot merge virtual cu sania acas\u0103 la Mo\u015f Cr\u0103ciun. \u00cen plus, clien\u0163ii ansamblului Palas vor avea parte de spectacole de dans \u015fi muzic\u0103.<\/span><\/i><\/b><\/p>\n<p id=\"yui_3_16_0_ym19_1_1481264937061_23029\" class=\"yiv7103380893MsoNormal\" style=\"text-align: justify;\"><span id=\"yui_3_16_0_ym19_1_1481264937061_22969\" lang=\"RO\">Toat\u0103 luna decembrie, cei care vor veni la Palas vor avea parte de o atmosfer\u0103 de poveste, dar \u015fi de evenimente \u00een ton cu s\u0103rb\u0103torile de iarn\u0103. <b id=\"yui_3_16_0_ym19_1_1481264937061_22971\">Cei mai ferici\u0163i vor fi copiii, care \u00eel pot \u00eent\u00e2lni pe Mo\u015f Cr\u0103ciun, zilnic, la c\u0103su\u0163a sa din Atrium<\/b>. Anul acesta, cei mici au parte de o surpriz\u0103 \u00een plus: <b>pot c\u0103l\u0103tori cu s\u0103niu\u0163a, la casa Mo\u015fului, cu ajutorul unor ochelari 3D pentru realitate virtual\u0103<\/b>. <b id=\"yui_3_16_0_ym19_1_1481264937061_23030\">Intrarea este liber\u0103<\/b>, c\u0103su\u0163a fiind deschis\u0103 <b>zilnic<\/b>, p\u00e2n\u0103 pe 23 decembrie 2016, \u00een\u00a0<b id=\"yui_3_16_0_ym19_1_1481264937061_23031\">intervalul orar 12.00 \u2013 21.00<\/b>, cu o pauz\u0103 de la 16.00 la 17.00.<\/span><\/p>\n<p id=\"yui_3_16_0_ym19_1_1481264937061_23032\" class=\"yiv7103380893MsoNormal\" style=\"text-align: justify;\"><span id=\"yui_3_16_0_ym19_1_1481264937061_23033\" lang=\"RO\">O alt\u0103 surpriz\u0103 inedit\u0103 \u00eei a\u015fteapt\u0103 pe cei mici \u015fi pe cei mari deopotriv\u0103: <b>3 reni animatronici \u00eei \u00eent\u00e2mpin\u0103 \u00een Atrium<\/b>, \u00een apropierea impozantului brad de Cr\u0103ciun. <b>Simpaticii reni mi\u015fc\u0103 din ochi \u015fi urechi, vorbesc \u00eentre ei \u015fi chiar c\u00e2nt\u0103 colinde<\/b>.<\/span><\/p>\n<p class=\"yiv7103380893MsoNormal\" style=\"text-align: justify;\"><span lang=\"RO\">Bucuria celor mici va fi \u015fi mai mare, pentru c\u0103 \u0219i \u00een acest an \u00eei a\u0219teapt\u0103 <b>trenule\u021bul Mo\u0219ului<\/b>, gata s\u0103 \u00eei poarte \u00een plimbare prin Atrium.<\/span> <span lang=\"RO\">C\u0103l\u0103toriile princhindeilor cu trenule\u0163ul prin <b>Palas Mall<\/b> sunt <b>gratuite <\/b>\u015fi au loc <b>zilnic<\/b>, \u00een <b>intervalul orar 10.00 \u2013 15.00 <\/b>\u015fi <b>16.00 \u2013 22.00<\/b>. Distrac\u021bia pentru copii este \u00eentregit\u0103 de <b>trambulinele Palas Jump<\/b>, de la <b>etajul Atriumului<\/b>, dar \u0219i de\u00a0<b>Palas Ice Junior<\/b>, patinoar dedicat exclusiv celor mici, din <b>parc<\/b>.<a href=\"http:\/\/infois.ro\/wp-content\/uploads\/2016\/12\/palas2-2.jpg\"><img loading=\"lazy\" decoding=\"async\" class=\"wp-image-26541 alignright\" src=\"http:\/\/infois.ro\/wp-content\/uploads\/2016\/12\/palas2-2.jpg\" alt=\"palas2\" width=\"286\" height=\"178\" srcset=\"https:\/\/infois.ro\/wp-content\/uploads\/2016\/12\/palas2-2.jpg 640w, https:\/\/infois.ro\/wp-content\/uploads\/2016\/12\/palas2-2-300x187.jpg 300w\" sizes=\"(max-width: 286px) 100vw, 286px\" \/><\/a><\/span><\/p>\n<p class=\"yiv7103380893MsoNormal\" style=\"text-align: justify;\"><b><span lang=\"RO\">S\u00e2mb\u0103t\u0103<\/span><\/b><span lang=\"RO\">, <b>10 decembrie<\/b>, de la <b>ora 18.00<\/b>, \u00een Atrium va avea loc <b>spectacolul \u201ePoveste de Cr\u0103ciun\u201d<\/b>, cu cele mai \u00eendr\u0103gite personaje din desene. <b>O or\u0103 mai t\u00e2rziu<\/b>, <b>tot \u00een Atrium<\/b>, publicul este invitat la <b>concertul de jazz &#8211; \u201eSwinging Christmas\u201d<\/b>, <b>su\u021binut de New Vegas Show \u015fi oferit de Ateneul din Ia\u015fi<\/b>. New Vegas este un two-man show proasp\u0103t intrat pe scena jazz\/swing din Rom\u00e2nia. Este format din doi soli\u0219ti profesioni\u0219ti, Petru C\u0103linescu \u015fi Maximilian Muntean, care vor aduce pe scen\u0103 un concept exclusiv, cu accent pe elegan\u021b\u0103 \u015fi bun gust, un omagiu care transpune publicul direct \u00een anii \u201940 \u015fi \u201950.<\/span><\/p>\n<p class=\"yiv7103380893MsoNormal\" style=\"text-align: justify;\"><b><span lang=\"RO\">Ziua de duminic\u0103 este dedicat\u0103 Campionatului de dans Winter Festival Music &amp; Dance<\/span><\/b><span lang=\"RO\">, care va avea loc \u00een <b>Atrium<\/b>, de la <b>ora 10.00<\/b>, \u015fi va reuni zeci de copii \u015fi tineri de la \u015fcolile de profil din regiune.<\/span><\/p>\n<p class=\"yiv7103380893MsoNormal\" style=\"text-align: justify;\"><span id=\"yui_3_16_0_ym19_1_1481264937061_23039\" lang=\"RO\">\u00cen plus, cei care doresc s\u0103 vad\u0103 <b id=\"yui_3_16_0_ym19_1_1481264937061_23041\">proiec\u0163ille de video mapping pe Palatul Culturii<\/b> din cadrul LightUp Festival o pot face <b>zilnic<\/b>, \u00een <b>intervalul orar 17.00 \u2013 19.00<\/b>.<\/span><\/p>\n","protected":false},"excerpt":{"rendered":"<p>Se anun\u0163\u0103 un weekend plin de distrac\u0163ie la Palas, \u00een special pentru copii. \u00cen Atriumul&#8230; <a class=\"meta-more\" href=\"https:\/\/infois.ro\/?p=26539\">more <span class=\"meta-nav\">&raquo;<\/span><\/a><\/p>\n","protected":false},"author":2,"featured_media":26540,"comment_status":"open","ping_status":"closed","sticky":false,"template":"","format":"standard","meta":{"footnotes":""},"categories":[6,41],"tags":[74,1381,40,1326,100,1346,8874],"aioseo_notices":[],"_links":{"self":[{"href":"https:\/\/infois.ro\/index.php?rest_route=\/wp\/v2\/posts\/26539"}],"collection":[{"href":"https:\/\/infois.ro\/index.php?rest_route=\/wp\/v2\/posts"}],"about":[{"href":"https:\/\/infois.ro\/index.php?rest_route=\/wp\/v2\/types\/post"}],"author":[{"embeddable":true,"href":"https:\/\/infois.ro\/index.php?rest_route=\/wp\/v2\/users\/2"}],"replies":[{"embeddable":true,"href":"https:\/\/infois.ro\/index.php?rest_route=%2Fwp%2Fv2%2Fcomments&post=26539"}],"version-history":[{"count":1,"href":"https:\/\/infois.ro\/index.php?rest_route=\/wp\/v2\/posts\/26539\/revisions"}],"predecessor-version":[{"id":26542,"href":"https:\/\/infois.ro\/index.php?rest_route=\/wp\/v2\/posts\/26539\/revisions\/26542"}],"wp:featuredmedia":[{"embeddable":true,"href":"https:\/\/infois.ro\/index.php?rest_route=\/wp\/v2\/media\/26540"}],"wp:attachment":[{"href":"https:\/\/infois.ro\/index.php?rest_route=%2Fwp%2Fv2%2Fmedia&parent=26539"}],"wp:term":[{"taxonomy":"category","embeddable":true,"href":"https:\/\/infois.ro\/index.php?rest_route=%2Fwp%2Fv2%2Fcategories&post=26539"},{"taxonomy":"post_tag","embeddable":true,"href":"https:\/\/infois.ro\/index.php?rest_route=%2Fwp%2Fv2%2Ftags&post=26539"}],"curies":[{"name":"wp","href":"https:\/\/api.w.org\/{rel}","templated":true}]}}