{"id":26712,"date":"2016-12-23T14:15:18","date_gmt":"2016-12-23T12:15:18","guid":{"rendered":"http:\/\/infois.ro\/?p=26712"},"modified":"2016-12-23T14:20:50","modified_gmt":"2016-12-23T12:20:50","slug":"angajatii-antibiotice-au-fost-spiridusii-lui-mos-craciun-pentru-70-de-copii-din-centre-de-plasament","status":"publish","type":"post","link":"https:\/\/infois.ro\/?p=26712","title":{"rendered":"Angaja\u0163ii Antibiotice au fost spiridu\u0219ii lui Mo\u015f Cr\u0103ciun pentru 70  de copii  din centre de plasament"},"content":{"rendered":"<p style=\"text-align: justify;\"><a href=\"http:\/\/infois.ro\/wp-content\/uploads\/2016\/12\/antibiotice1.jpg\"><img loading=\"lazy\" decoding=\"async\" class=\"alignleft wp-image-26713\" src=\"http:\/\/infois.ro\/wp-content\/uploads\/2016\/12\/antibiotice1.jpg\" alt=\"antibiotice1\" width=\"330\" height=\"223\" srcset=\"https:\/\/infois.ro\/wp-content\/uploads\/2016\/12\/antibiotice1.jpg 640w, https:\/\/infois.ro\/wp-content\/uploads\/2016\/12\/antibiotice1-300x203.jpg 300w\" sizes=\"(max-width: 330px) 100vw, 330px\" \/><\/a><\/p>\n<p style=\"text-align: justify;\">Pentru al patrulea an consecutiv, Funda\u0163ia Antibiotice \u201e\u015etiin\u0163\u0103 \u015fi suflet\u201d a organizat, \u00een data de 20 decembrie 2016, campania \u201eD\u0103ruie\u0219te din suflet! Fii \u0219i tu Mo\u0219 Cr\u0103ciun!\u201d.<\/p>\n<p style=\"text-align: justify;\">Anul acesta, campania a fost adresat\u0103 copiilor din patru Centre de plasament din jude\u021bul Ia\u0219i: Complexul de Servicii Comunitare Bogdana \u2013 comuna Bogd\u0103ne\u0219ti, Complexul de Servicii Veniamin Costache, Complexul de Servicii Bucium \u0219i Centrul de Plasament Ion Holban din Ia\u0219i.<\/p>\n<p style=\"text-align: justify;\">Cu ajutorul \u00eendrum\u0103torilor din centrele de plasament sau de unii singuri, cei 70 de copii cu v\u00e2rste \u00eentre 5 \u015fi 14 ani au a\u015fezat pe h\u00e2rtie tot ce-\u015fi doresc s\u0103 primeasc\u0103 de la Mo\u015f Cr\u0103ciun. Emo\u021bionantele lor scrisorele au ajuns apoi \u00een m\u00e2inile mai multor angaja\u0163i ai companiei Antibiotice care \u015fi-au asumat cu entuziasm rolul de \u201espiridu\u015fi\u201d ai Mo\u015fului, \u00eendeplinind copiilor \u00eentocmai dorin\u0163ele.<\/p>\n<p style=\"text-align: justify;\">Provenind din medii defavorizate, f\u0103r\u0103 familii sau cu membrii familiei pleca\u021bi \u00een alte p\u0103r\u021bi ale lumii, copiii \u015fi-au dorit lucruri simple: penare, ghiozdane, haine, ghetu\u021be, c\u0103r\u0163i de pove\u015fti, p\u0103pu\u015fele sau ma\u015finu\u0163e, banane, portocale \u015fi dulciuri, \u00eens\u0103 Mo\u015ful \u0219i spiridu\u0219ii lui s-au str\u0103duit s\u0103 le ofere mai mult de at\u00e2t.<a href=\"http:\/\/infois.ro\/wp-content\/uploads\/2016\/12\/antibiotice2.jpg\"><img loading=\"lazy\" decoding=\"async\" class=\" wp-image-26714 alignright\" src=\"http:\/\/infois.ro\/wp-content\/uploads\/2016\/12\/antibiotice2.jpg\" alt=\"antibiotice2\" width=\"384\" height=\"255\" srcset=\"https:\/\/infois.ro\/wp-content\/uploads\/2016\/12\/antibiotice2.jpg 640w, https:\/\/infois.ro\/wp-content\/uploads\/2016\/12\/antibiotice2-300x199.jpg 300w\" sizes=\"(max-width: 384px) 100vw, 384px\" \/><\/a><\/p>\n<p style=\"text-align: justify;\"><em>\u201c<\/em><em>Aceast\u0103 campanie ne-a f\u0103cut s\u0103 ne re\u00eentoarcem cu mintea \u015fi sufletul \u00een timp, la vremea copil\u0103riei. Mul\u021bumim tuturor colegiilor no\u015ftri care s-au al\u0103turat cu entuziasm demersului Funda\u0163iei \u015fi au reu\u015fit astfel s\u0103 aduc\u0103 bucurie unor copii pentru care Mo\u015ful poate nu a venit niciodat\u0103 p\u00e2n\u0103 acum<\/em>.<em> Mul\u0163umim pe acest\u0103 cale \u0219i colaboratorilor din cadrul Direc\u0163iei Generale de Asisten\u0163\u0103 Social\u0103 \u015fi Protec\u0163ie a Copilului Ia\u015fi<\/em>\u201d, a declarat Ioana Tode, pre\u015fedinte Funda\u0163ia \u201eAntibiotice-\u015etiin\u0163\u0103 \u015fi Suflet\u201d.<\/p>\n<p style=\"text-align: justify;\">\u00cen cadrul festivit\u0103\u0163ii ce s-a desf\u0103\u015furat la Antibiotice, l\u00e2ng\u0103 bradul \u00eenconjurat de cadouri, cei 70 de copii s-au bucurat s\u0103 \u00eel \u00eent\u00e2lneasc\u0103 pe Mo\u0219 Cr\u0103ciun \u0219i pe spiridu\u015fii care le-au \u00eendeplinit dorin\u0163ele. \u00cen semn de mul\u021bumire, micu\u021bii au \u00eemp\u0103r\u021bit din bel\u0219ug z\u00e2mbete luminoase \u0219i au interpretat un scurt moment artistic cu colinde de Cr\u0103ciun.<\/p>\n","protected":false},"excerpt":{"rendered":"<p>Pentru al patrulea an consecutiv, Funda\u0163ia Antibiotice \u201e\u015etiin\u0163\u0103 \u015fi suflet\u201d a organizat, \u00een data de&#8230; <a class=\"meta-more\" href=\"https:\/\/infois.ro\/?p=26712\">more <span class=\"meta-nav\">&raquo;<\/span><\/a><\/p>\n","protected":false},"author":2,"featured_media":26713,"comment_status":"open","ping_status":"closed","sticky":false,"template":"","format":"standard","meta":{"footnotes":""},"categories":[6,41],"tags":[74,279,3721,40,1326,3671],"aioseo_notices":[],"_links":{"self":[{"href":"https:\/\/infois.ro\/index.php?rest_route=\/wp\/v2\/posts\/26712"}],"collection":[{"href":"https:\/\/infois.ro\/index.php?rest_route=\/wp\/v2\/posts"}],"about":[{"href":"https:\/\/infois.ro\/index.php?rest_route=\/wp\/v2\/types\/post"}],"author":[{"embeddable":true,"href":"https:\/\/infois.ro\/index.php?rest_route=\/wp\/v2\/users\/2"}],"replies":[{"embeddable":true,"href":"https:\/\/infois.ro\/index.php?rest_route=%2Fwp%2Fv2%2Fcomments&post=26712"}],"version-history":[{"count":1,"href":"https:\/\/infois.ro\/index.php?rest_route=\/wp\/v2\/posts\/26712\/revisions"}],"predecessor-version":[{"id":26715,"href":"https:\/\/infois.ro\/index.php?rest_route=\/wp\/v2\/posts\/26712\/revisions\/26715"}],"wp:featuredmedia":[{"embeddable":true,"href":"https:\/\/infois.ro\/index.php?rest_route=\/wp\/v2\/media\/26713"}],"wp:attachment":[{"href":"https:\/\/infois.ro\/index.php?rest_route=%2Fwp%2Fv2%2Fmedia&parent=26712"}],"wp:term":[{"taxonomy":"category","embeddable":true,"href":"https:\/\/infois.ro\/index.php?rest_route=%2Fwp%2Fv2%2Fcategories&post=26712"},{"taxonomy":"post_tag","embeddable":true,"href":"https:\/\/infois.ro\/index.php?rest_route=%2Fwp%2Fv2%2Ftags&post=26712"}],"curies":[{"name":"wp","href":"https:\/\/api.w.org\/{rel}","templated":true}]}}