{"id":26718,"date":"2016-12-21T19:25:41","date_gmt":"2016-12-21T17:25:41","guid":{"rendered":"http:\/\/infois.ro\/?p=26718"},"modified":"2016-12-22T05:29:27","modified_gmt":"2016-12-22T03:29:27","slug":"intalniri-cu-mosu-recital-de-colinde-si-fotografii-amuzante-in-decor-de-iarna-la-iulius-mall","status":"publish","type":"post","link":"https:\/\/infois.ro\/?p=26718","title":{"rendered":"\u00cent\u00e2lniri cu Mo\u0219u\u2019, recital de colinde \u0219i fotografii amuzante \u00een decor de iarn\u0103, la Iulius Mall"},"content":{"rendered":"<p class=\"yiv4848308092MsoNormal\" style=\"text-align: justify;\"><a href=\"http:\/\/infois.ro\/wp-content\/uploads\/2016\/12\/Iulius-Mall.jpg\"><img loading=\"lazy\" decoding=\"async\" class=\"alignleft  wp-image-26719\" src=\"http:\/\/infois.ro\/wp-content\/uploads\/2016\/12\/Iulius-Mall.jpg\" alt=\"iulius-mall\" width=\"207\" height=\"311\" srcset=\"https:\/\/infois.ro\/wp-content\/uploads\/2016\/12\/Iulius-Mall.jpg 640w, https:\/\/infois.ro\/wp-content\/uploads\/2016\/12\/Iulius-Mall-200x300.jpg 200w\" sizes=\"(max-width: 207px) 100vw, 207px\" \/><\/a><\/p>\n<p id=\"yui_3_16_0_ym19_1_1482377078642_13345\" class=\"yiv4848308092MsoNormal\" style=\"text-align: justify;\"><b id=\"yui_3_16_0_ym19_1_1482377078642_13344\"><i id=\"yui_3_16_0_ym19_1_1482377078642_13343\"><span id=\"yui_3_16_0_ym19_1_1482377078642_13342\" lang=\"RO\">Iulius Mall a fost \u00eenv\u0103luit de spiritul Cr\u0103ciunului \u015fi \u00eei invit\u0103 pe ie\u015feni la un recital de colinde, s\u0103 \u00eel \u00eent\u00e2lneasc\u0103 pe Mo\u015f Cr\u0103ciun sau s\u0103 plece acas\u0103, de la cump\u0103raturi, cu o amintire foto special\u0103.<\/span><\/i><\/b><\/p>\n<p id=\"yui_3_16_0_ym19_1_1482377078642_15100\" class=\"yiv4848308092MsoNormal\" style=\"text-align: justify;\"><b><span lang=\"RO\">Joi<\/span><\/b><span id=\"yui_3_16_0_ym19_1_1482377078642_15102\" lang=\"RO\">, <b id=\"yui_3_16_0_ym19_1_1482377078642_15101\">22 decembrie 2016<\/b>, <b>la Iulius Mall este seara colindelor<\/b>. De la <b>ora 18.00<\/b>, clien\u0163ii afla\u0163i \u00een zona de food court vor avea pl\u0103cerea s\u0103 \u00eei asculte pe membrii trupei <b id=\"yui_3_16_0_ym19_1_1482377078642_15104\">Voice of Grace<\/b>, care le vor oferi un dar muzical: <b>cele mai frumoase colinde \u015fi c\u00e2ntece de iarn\u0103<\/b>.<\/span><\/p>\n<p id=\"yui_3_16_0_ym19_1_1482377078642_15105\" class=\"yiv4848308092MsoNormal\" style=\"text-align: justify;\"><b><span lang=\"RO\">Joi \u015fi vineri<\/span><\/b><span id=\"yui_3_16_0_ym19_1_1482377078642_15106\" lang=\"RO\">, Mo\u015ful te a\u015fteapt\u0103 la <b>Christmas<\/b> <b>PhotoBooth<\/b>! \u00cen <b>intervalul orar 17.00 \u2013 20.00<\/b>, <b>la etajul \u00eent\u00e2i al mall-ului<\/b>, \u00een zona magazinului Il Passo, clien\u0163ii <b>se pot fotografia \u00eentr-un<\/b> <b id=\"yui_3_16_0_ym19_1_1482377078642_15108\">cadru de poveste<\/b>, iar imaginile le vor fi f\u0103cute cadou.<\/span><\/p>\n<p id=\"yui_3_16_0_ym19_1_1482377078642_15109\" class=\"yiv4848308092MsoNormal\" style=\"text-align: justify;\"><span id=\"yui_3_16_0_ym19_1_1482377078642_15110\" lang=\"RO\">Cei care doresc s\u0103 le ofere celor dragi un dar frumos \u00eempachetat sunt a\u015ftepta\u0163i zilnic, p\u00e2n\u0103 \u00een Ajun,\u00a0 la standul de la parterul mall-ului, zona StarNet. \u00cen intervalul <b>orar 16.00 \u2013 21.00<\/b>, <b id=\"yui_3_16_0_ym19_1_1482377078642_15112\">membrii asocia\u0163iei \u201eCerceta\u015fii Rom\u00e2niei\u201d ambaleaz\u0103 gratuit cadourile pentru cei dragi<\/b>, \u00eens\u0103 cine dore\u015fte poate face dona\u0163ii pentru cauzele sociale ale organiza\u0163iei.<\/span><\/p>\n<p id=\"yui_3_16_0_ym19_1_1482377078642_15113\" class=\"yiv4848308092MsoNormal\" style=\"text-align: justify;\"><b><span lang=\"RO\">Joi<\/span><\/b><span id=\"yui_3_16_0_ym19_1_1482377078642_15115\" lang=\"RO\">, <b id=\"yui_3_16_0_ym19_1_1482377078642_15114\">Mo\u015f Cr\u0103ciun va fi prezent \u00een Iulius Mall<\/b>, de la <b>ora 19.00<\/b>, pentru a se \u00eent\u00e2lni cu cei mici sau cei mari deopotriv\u0103. Clien\u0163ii mall-ului vor primi \u00een dar de la Mo\u015fu\u2019 bomboane.\u00a0<\/span><\/p>\n<p id=\"yui_3_16_0_ym19_1_1482377078642_15117\" class=\"yiv4848308092MsoNormal\" style=\"text-align: justify;\"><b><span lang=\"RO\">P\u00e2n\u0103 vineri inclusiv<\/span><\/b><span id=\"yui_3_16_0_ym19_1_1482377078642_15118\" lang=\"RO\">, pentru cei care \u00eenc\u0103 mai caut\u0103 darurile perfecte pentru apropia\u0163i se desf\u0103\u015foar\u0103 o <b>edi\u0163ie special\u0103 a T\u00e2rgului de Handmade<\/b>. <b>La parterul Iulius Mall<\/b>, spiridu\u015fii Mo\u015fului vor aduna cele mai frumoase sugestii de cadouri, realizate manual: juc\u0103rii \u015fi articole pentru copiii de toate v\u00e2rstele, decora\u0163iuni deosebite pentru brad \u015fi pentru locuin\u0163\u0103, aranjamente tematice, bijuterii \u015fi alte articole cu dichis.<\/span><\/p>\n<p id=\"yui_3_16_0_ym19_1_1482377078642_15139\" class=\"yiv4848308092MsoNormal\" style=\"text-align: justify;\"><span id=\"yui_3_16_0_ym19_1_1482377078642_15135\" lang=\"RO\">\u00cen plus, <b id=\"yui_3_16_0_ym19_1_1482377078642_15138\">cump\u0103r\u0103turile din magazinele Iulius Mall aduc \u0219ansa c\u00e2\u0219tig\u0103rii unor premii speciale<\/b>. Anul acesta, cel mai iubit b\u0103tr\u00e2nel a decis s\u0103 \u00eei surprind\u0103 cu adev\u0103rat, \u00een <b>campania Secret Santa<\/b>, care se desf\u0103\u0219oar\u0103 p\u00e2n\u0103 pe 24 decembrie. Zilnic, primii 150 de participan\u021bi \u00ee\u0219i vor putea alege un cadou instant, din bradul cutiu\u021belor frumos \u00eempachetate. \u00cen plus, \u00een Ajun de Cr\u0103ciun, prin tragere la sor\u021bi, vor fi desemna\u021bi trei mari c\u00e2\u0219tig\u0103tori, pentru care Secret Santa a preg\u0103tit cadouri mult visate \u00een tolba sa, \u00een valoare de peste 1.000 de euro fiecare.<\/span><\/p>\n","protected":false},"excerpt":{"rendered":"<p>Iulius Mall a fost \u00eenv\u0103luit de spiritul Cr\u0103ciunului \u015fi \u00eei invit\u0103 pe ie\u015feni la un&#8230; <a class=\"meta-more\" href=\"https:\/\/infois.ro\/?p=26718\">more <span class=\"meta-nav\">&raquo;<\/span><\/a><\/p>\n","protected":false},"author":2,"featured_media":26719,"comment_status":"open","ping_status":"closed","sticky":false,"template":"","format":"standard","meta":{"footnotes":""},"categories":[6,41],"tags":[74,1381,40,79,1326],"aioseo_notices":[],"_links":{"self":[{"href":"https:\/\/infois.ro\/index.php?rest_route=\/wp\/v2\/posts\/26718"}],"collection":[{"href":"https:\/\/infois.ro\/index.php?rest_route=\/wp\/v2\/posts"}],"about":[{"href":"https:\/\/infois.ro\/index.php?rest_route=\/wp\/v2\/types\/post"}],"author":[{"embeddable":true,"href":"https:\/\/infois.ro\/index.php?rest_route=\/wp\/v2\/users\/2"}],"replies":[{"embeddable":true,"href":"https:\/\/infois.ro\/index.php?rest_route=%2Fwp%2Fv2%2Fcomments&post=26718"}],"version-history":[{"count":1,"href":"https:\/\/infois.ro\/index.php?rest_route=\/wp\/v2\/posts\/26718\/revisions"}],"predecessor-version":[{"id":26720,"href":"https:\/\/infois.ro\/index.php?rest_route=\/wp\/v2\/posts\/26718\/revisions\/26720"}],"wp:featuredmedia":[{"embeddable":true,"href":"https:\/\/infois.ro\/index.php?rest_route=\/wp\/v2\/media\/26719"}],"wp:attachment":[{"href":"https:\/\/infois.ro\/index.php?rest_route=%2Fwp%2Fv2%2Fmedia&parent=26718"}],"wp:term":[{"taxonomy":"category","embeddable":true,"href":"https:\/\/infois.ro\/index.php?rest_route=%2Fwp%2Fv2%2Fcategories&post=26718"},{"taxonomy":"post_tag","embeddable":true,"href":"https:\/\/infois.ro\/index.php?rest_route=%2Fwp%2Fv2%2Ftags&post=26718"}],"curies":[{"name":"wp","href":"https:\/\/api.w.org\/{rel}","templated":true}]}}