{"id":26756,"date":"2016-12-23T09:10:45","date_gmt":"2016-12-23T07:10:45","guid":{"rendered":"http:\/\/infois.ro\/?p=26756"},"modified":"2016-12-23T09:10:45","modified_gmt":"2016-12-23T07:10:45","slug":"consilierii-judeteni-ieseni-la-ultima-sedinta-ordinara-din-acest-an","status":"publish","type":"post","link":"https:\/\/infois.ro\/?p=26756","title":{"rendered":"Consilierii jude\u0163eni ie\u015feni, la ultima \u015fedin\u0163\u0103 ordinar\u0103 din acest an"},"content":{"rendered":"<p style=\"text-align: justify;\"><a href=\"http:\/\/infois.ro\/wp-content\/uploads\/2016\/12\/consiliul-judetean.jpg\"><img loading=\"lazy\" decoding=\"async\" class=\"alignleft  wp-image-26757\" src=\"http:\/\/infois.ro\/wp-content\/uploads\/2016\/12\/consiliul-judetean.jpg\" alt=\"consiliul-judetean\" width=\"327\" height=\"218\" srcset=\"https:\/\/infois.ro\/wp-content\/uploads\/2016\/12\/consiliul-judetean.jpg 640w, https:\/\/infois.ro\/wp-content\/uploads\/2016\/12\/consiliul-judetean-300x200.jpg 300w\" sizes=\"(max-width: 327px) 100vw, 327px\" \/><\/a><\/p>\n<p style=\"text-align: justify;\">Consilierii jude\u0163eni ie\u015feni s-au reunit joi, 22 decembrie, \u00een ultima \u015fedin\u0163\u0103 ordinar\u0103 din acest an, carea avut pe ordinea de zi 47 de puncte. Printre cele mai importante proeicte de hot\u0103r\u00e2re s-au num\u0103rat achizi\u0163ia de servicii juridice de asisten\u0163\u0103 \u015fi reprezentare a Spitalului Clinic de Obstetric\u0103-Ginecologie &#8220;Cuza Vod\u0103&#8221; Ia\u015fi, aprobarea organigramei, statului de func\u0163ii \u015fi a regulamentului de organizare \u015fi func\u0163ionare a serviciului public jude\u0163ean de paz\u0103 \u015fi protec\u0163ie, stabilirea cuantumului cheltuielilor de catering \u00een vederea asigur\u0103rii hranei pentru pre\u015fcolarii \u015fi elevii Liceului Tehnologic Special &#8220;Vasile Pavelcu&#8221;, cei ai Colegiului Tehnic &#8220;Ioan Holban&#8221; \u015fi cei ai \u015ecolii Gimnaziale Speciale &#8220;Constantin P\u0103unescu&#8221;. Consilierii au mai aprobat, de asemenea, costul mediu lunar de \u00eentre\u0163inere \u015fi contribu\u0163ia lunar\u0103 \u00een sarcina beneficiarilor serviciilor asigurate de c\u0103tre Unit\u0103\u0163ile de Asisten\u0163\u0103 Medico-Social\u0103 \u015fi-sau a sus\u0163in\u0103torilor legali ai acestora, Bivolari \u015fi R\u0103duc\u0103neni, \u00een anul 2017, dar \u015fi creditul de angajament \u00een sum\u0103 de 57870 lei pe anul 2017 pentru achizi\u0163ionarea de echipamente IT \u015fi licen\u0163e software, respectiv a unui credit de angajament pentru anul 2017, necesar finaliz\u0103rii activit\u0103\u0163ilor \u00een cadrul proiectului &#8220;Echilibru &#8211; sprijin pentru familiile copiilor cu dizabilit\u0103\u0163i din municipiul Ia\u015fi&#8221;. Consilierii au mai aprobat, de asemenea, demararea procedurilor de autorizare a m\u0103rcii jude\u0163ului Ia\u015fi pentru produsele alimentare \u015fi nealimentare, precum \u015fi pentru servicii, care s\u0103 reprezinte specificul jude\u0163ului Ia\u015fi. \u00cen acest sens, consilierii au propus \u015fi aprobat \u00eenfiin\u0163area unui grup de lucru care s\u0103 propun\u0103 sloganul \u015fi grafica m\u0103rcii jude\u0163ului. Nu \u00een ultimul r\u00e2nd, consilierii au aprobat \u00eencetarea mandatelor de consilier jude\u0163ean pentru o parte dintre colegii care au demisionat din Legislativ (Ovidiu Laicu &#8211; PSD), sau care au devenit parlamentari la alegerile generale din 11 decembrie (Victorel Lupu &#8211; PSD, Vasile C\u00e2tea &#8211; PSD, Silviu Macovei &#8211; PSD), \u00een locul acestora fiind valida\u0163i \u00een func\u0163ia de consilier jude\u0163ean Marius Ostaficiuc, Dorel Leb\u0103d\u0103, Liviu-Gabriel Vornicu \u015fi Dumitru Paraschiv.<\/p>\n","protected":false},"excerpt":{"rendered":"<p>Consilierii jude\u0163eni ie\u015feni s-au reunit joi, 22 decembrie, \u00een ultima \u015fedin\u0163\u0103 ordinar\u0103 din acest an,&#8230; <a class=\"meta-more\" href=\"https:\/\/infois.ro\/?p=26756\">more <span class=\"meta-nav\">&raquo;<\/span><\/a><\/p>\n","protected":false},"author":2,"featured_media":26757,"comment_status":"open","ping_status":"closed","sticky":false,"template":"","format":"standard","meta":{"footnotes":""},"categories":[1,41],"tags":[74,133,40,8917,3112],"aioseo_notices":[],"_links":{"self":[{"href":"https:\/\/infois.ro\/index.php?rest_route=\/wp\/v2\/posts\/26756"}],"collection":[{"href":"https:\/\/infois.ro\/index.php?rest_route=\/wp\/v2\/posts"}],"about":[{"href":"https:\/\/infois.ro\/index.php?rest_route=\/wp\/v2\/types\/post"}],"author":[{"embeddable":true,"href":"https:\/\/infois.ro\/index.php?rest_route=\/wp\/v2\/users\/2"}],"replies":[{"embeddable":true,"href":"https:\/\/infois.ro\/index.php?rest_route=%2Fwp%2Fv2%2Fcomments&post=26756"}],"version-history":[{"count":1,"href":"https:\/\/infois.ro\/index.php?rest_route=\/wp\/v2\/posts\/26756\/revisions"}],"predecessor-version":[{"id":26758,"href":"https:\/\/infois.ro\/index.php?rest_route=\/wp\/v2\/posts\/26756\/revisions\/26758"}],"wp:featuredmedia":[{"embeddable":true,"href":"https:\/\/infois.ro\/index.php?rest_route=\/wp\/v2\/media\/26757"}],"wp:attachment":[{"href":"https:\/\/infois.ro\/index.php?rest_route=%2Fwp%2Fv2%2Fmedia&parent=26756"}],"wp:term":[{"taxonomy":"category","embeddable":true,"href":"https:\/\/infois.ro\/index.php?rest_route=%2Fwp%2Fv2%2Fcategories&post=26756"},{"taxonomy":"post_tag","embeddable":true,"href":"https:\/\/infois.ro\/index.php?rest_route=%2Fwp%2Fv2%2Ftags&post=26756"}],"curies":[{"name":"wp","href":"https:\/\/api.w.org\/{rel}","templated":true}]}}