{"id":26763,"date":"2016-12-23T09:29:11","date_gmt":"2016-12-23T07:29:11","guid":{"rendered":"http:\/\/infois.ro\/?p=26763"},"modified":"2016-12-23T09:29:11","modified_gmt":"2016-12-23T07:29:11","slug":"eroii-revolutiei-romane-omagiati-la-iasi","status":"publish","type":"post","link":"https:\/\/infois.ro\/?p=26763","title":{"rendered":"Eroii Revolu\u0163iei Rom\u00e2ne, omagia\u0163i la Ia\u015fi"},"content":{"rendered":"<p style=\"text-align: justify;\"><a href=\"http:\/\/infois.ro\/wp-content\/uploads\/2016\/12\/ceremonie.jpg\"><img loading=\"lazy\" decoding=\"async\" class=\"alignleft  wp-image-26764\" src=\"http:\/\/infois.ro\/wp-content\/uploads\/2016\/12\/ceremonie.jpg\" alt=\"ceremonie\" width=\"329\" height=\"293\" srcset=\"https:\/\/infois.ro\/wp-content\/uploads\/2016\/12\/ceremonie.jpg 640w, https:\/\/infois.ro\/wp-content\/uploads\/2016\/12\/ceremonie-300x267.jpg 300w\" sizes=\"(max-width: 329px) 100vw, 329px\" \/><\/a><\/p>\n<p style=\"text-align: justify;\">\u00cen prezen\u0163a autorit\u0103\u0163ilor locale, la Crucea Eroilor Neamului din Pia\u021ba Palatului Culturii din Ia\u0219i a avut loc joi, 22 decembrie, un ceremonial religios \u015fi militar prilejuit de aniversarea a 27 de ani de la Victoria Revolu\u021biei Rom\u00e2ne din Decembrie 1989. La eveniment, care a debutat cu un Te Deum \u00een memoria celor c\u0103zu\u0163i \u00een Revolu\u0163ie, au fost prezen\u0163i, al\u0103turi de rudele eroilor ie\u015feni, reprezentan\u0163i ai Asocia\u0163iei de Revolu\u0163ionari &#8220;14 Decembrie&#8221; Ia\u015fi \u015fi ai Asocia\u0163iei de Revolu\u0163ionari &#8220;22 Decembrie 1989&#8221; Ia\u015fi. \u00cen cuv\u00e2ntul s\u0103u, prefectul Marian Grigora\u015f a subliniat importan\u0163a actului de la 22 Decembrie 1989, prin care a fost \u00eenl\u0103turat de la putere regimul comunist din Rom\u00e2nia. &#8220;\u00cen memoria unuia dintre cei mai reprezentativi revolu\u0163ionari ie\u015feni, una dintre s\u0103lile din Institu\u0163ia Prefectului Jude\u0163ului Ia\u015fi, respectiv Sala Verde, poart\u0103 \u00eencep\u00e2nd cu data de 1 Decembrie numele lui Doru \u0162ig\u0103u&#8221;, a anun\u0163at prefectul Marian Grigora\u015f. La r\u00e2ndul s\u0103u, pre\u015fedintele Consiliului Jude\u0163ean (CJ) Ia\u015fi, Maricel Popa, a evocat momentele istorice din zilele lui Decembrie 1989, care au marcat istoria ulterioar\u0103 a \u0163\u0103rii, subliniind faptul c\u0103 Revolu\u0163ia Rom\u00e2n\u0103 a \u00eenceput la Ia\u015fi. \u00cen discursul s\u0103u, primarul Mihai Chirica a subliniat c\u0103 Revolu\u0163ia \u00eenc\u0103 nu s-a \u00eencheiat. &#8220;Eu cred \u00een valen\u0163ele \u015fi valorile rom\u00e2ne\u015fti, \u00een leg\u0103tura str\u00e2ns\u0103 \u00eentre toate etniile \u015fi confesiunile care exist\u0103 \u00een Rom\u00e2nia. Cred \u00een p\u0103m\u00e2ntul str\u0103mo\u015fesc, dar mai cred \u00eens\u0103 \u015fi c\u0103 Revolu\u0163ia nu s-a \u00eencheiat. Ea va mai dura p\u00e2n\u0103 atunci c\u00e2nd vom reu\u015fi s\u0103 ne a\u015fez\u0103m acolo unde ne este locul. Deocamdat\u0103, am o am\u0103r\u0103ciune personal\u0103, care m\u0103 \u015fi oblig\u0103, dar m\u0103 \u015fi \u00eent\u0103r\u00e2t\u0103 \u015fi care \u00eemi creaz\u0103 \u015fi mai mult\u0103 energie pentru viitor. Trebuie s\u0103 ne apropiem de sufletele celor care au pierit, trebuie s\u0103 \u00een\u0163elegem c\u0103 ei nu au murit degeaba, dar pentru ca sacrificiul lor s\u0103 nu fi fost degeaba, trebuie s\u0103 ne aplec\u0103m \u015fi mai mult asupra valen\u0163elor rom\u00e2ne\u015fti&#8221;, a declarat primarul. Dup\u0103 discursurile oficialit\u0103\u0163ilor a urmat ceremonia depunerii de coroane de flori, iar, \u00een final, defilarea G\u0103rzii de onoare.<\/p>\n<p style=\"text-align: justify;\">\n","protected":false},"excerpt":{"rendered":"<p>\u00cen prezen\u0163a autorit\u0103\u0163ilor locale, la Crucea Eroilor Neamului din Pia\u021ba Palatului Culturii din Ia\u0219i a&#8230; <a class=\"meta-more\" href=\"https:\/\/infois.ro\/?p=26763\">more <span class=\"meta-nav\">&raquo;<\/span><\/a><\/p>\n","protected":false},"author":2,"featured_media":26764,"comment_status":"open","ping_status":"closed","sticky":false,"template":"","format":"standard","meta":{"footnotes":""},"categories":[1,41],"tags":[74,6142,6471,40,3814],"aioseo_notices":[],"_links":{"self":[{"href":"https:\/\/infois.ro\/index.php?rest_route=\/wp\/v2\/posts\/26763"}],"collection":[{"href":"https:\/\/infois.ro\/index.php?rest_route=\/wp\/v2\/posts"}],"about":[{"href":"https:\/\/infois.ro\/index.php?rest_route=\/wp\/v2\/types\/post"}],"author":[{"embeddable":true,"href":"https:\/\/infois.ro\/index.php?rest_route=\/wp\/v2\/users\/2"}],"replies":[{"embeddable":true,"href":"https:\/\/infois.ro\/index.php?rest_route=%2Fwp%2Fv2%2Fcomments&post=26763"}],"version-history":[{"count":1,"href":"https:\/\/infois.ro\/index.php?rest_route=\/wp\/v2\/posts\/26763\/revisions"}],"predecessor-version":[{"id":26765,"href":"https:\/\/infois.ro\/index.php?rest_route=\/wp\/v2\/posts\/26763\/revisions\/26765"}],"wp:featuredmedia":[{"embeddable":true,"href":"https:\/\/infois.ro\/index.php?rest_route=\/wp\/v2\/media\/26764"}],"wp:attachment":[{"href":"https:\/\/infois.ro\/index.php?rest_route=%2Fwp%2Fv2%2Fmedia&parent=26763"}],"wp:term":[{"taxonomy":"category","embeddable":true,"href":"https:\/\/infois.ro\/index.php?rest_route=%2Fwp%2Fv2%2Fcategories&post=26763"},{"taxonomy":"post_tag","embeddable":true,"href":"https:\/\/infois.ro\/index.php?rest_route=%2Fwp%2Fv2%2Ftags&post=26763"}],"curies":[{"name":"wp","href":"https:\/\/api.w.org\/{rel}","templated":true}]}}