{"id":26798,"date":"2016-12-28T14:35:06","date_gmt":"2016-12-28T12:35:06","guid":{"rendered":"http:\/\/infois.ro\/?p=26798"},"modified":"2016-12-28T14:35:06","modified_gmt":"2016-12-28T12:35:06","slug":"proiectul-de-buget-al-municipiului-iasi-pentru-anul-2017-a-intrat-in-dezbatere-publica","status":"publish","type":"post","link":"https:\/\/infois.ro\/?p=26798","title":{"rendered":"Proiectul de buget al municipiului Ia\u015fi pentru anul 2017 a intrat \u00een dezbatere public\u0103"},"content":{"rendered":"<p style=\"text-align: justify;\"><a href=\"http:\/\/infois.ro\/wp-content\/uploads\/2013\/03\/proiect-buget-2013-primarie.jpg\"><img loading=\"lazy\" decoding=\"async\" class=\"alignleft  wp-image-4440\" src=\"http:\/\/infois.ro\/wp-content\/uploads\/2013\/03\/proiect-buget-2013-primarie.jpg\" alt=\"proiect buget 2013 primarie\" width=\"324\" height=\"217\" srcset=\"https:\/\/infois.ro\/wp-content\/uploads\/2013\/03\/proiect-buget-2013-primarie.jpg 640w, https:\/\/infois.ro\/wp-content\/uploads\/2013\/03\/proiect-buget-2013-primarie-300x200.jpg 300w\" sizes=\"(max-width: 324px) 100vw, 324px\" \/><\/a><\/p>\n<p style=\"text-align: justify;\">Schi\u0163a de buget al municipiului Ia\u015fi pentru anul 2017 poate fi consultat\u0103 \u00eencep\u00e2nd de miercuri, 28 decembrie, timp de 30 de zile, de c\u0103tre cet\u0103\u0163eni, care cu aceast\u0103 ocazie vor putea exprima propunerile privind modificarea, prin ad\u0103ugarea sau eliminarea unor sume prev\u0103zute \u00een proiect. Ie\u015fenii pot consulta proiectul de buget la centrele de cartier ale Prim\u0103riei, precum \u015fi la centrul de informare pentru cet\u0103\u0163eni, situat \u00een spatele sediului municipalit\u0103\u0163ii. \u00cen luna ianuarie, ie\u015fenii vor primi acas\u0103 un plic prin intermediul c\u0103ruia vor fi informa\u0163i \u00een leg\u0103tur\u0103 cu datoriile pe care le \u00eenregistreaz\u0103 sau nu la bugetul local. Plicul va con\u0163ine, de asemenea, un chestionar pe care destinatarul urmeaz\u0103 s\u0103-l completeze cu propunerile referitoare la proiectul de buget pentru anul viitor, \u00eentocmit de municipalitate \u015fi supus \u00een aceste zile dezbaterii publice. &#8220;Pe baza propunerilor venite de la cet\u0103\u0163eni, schi\u0163a ini\u0163ial\u0103 de buget, supus\u0103 dezbaterii publice, va fi transformat\u0103 \u00eentr-un draft, care ulterior va deveni proiectul de buget al municipiului pentru anul viitor. Acest din urm\u0103 document va fi supus, la r\u00e2ndul s\u0103u, dezbaterii publice, timp de 30 de zile&#8221;, a anun\u0163at miercuri, \u00eentr-o conferin\u0163\u0103 de pres\u0103, primarul Mihai Chirica. Acesta a ad\u0103ugat c\u0103, cel mai probabil, proiectul de buget al ora\u015fului urmeaz\u0103 s\u0103 fie suspus spre aprobare plenului Consiliului Local Municipal (CLM) \u00een prima decad\u0103 a lunii martie 2017.<\/p>\n","protected":false},"excerpt":{"rendered":"<p>Schi\u0163a de buget al municipiului Ia\u015fi pentru anul 2017 poate fi consultat\u0103 \u00eencep\u00e2nd de miercuri,&#8230; <a class=\"meta-more\" href=\"https:\/\/infois.ro\/?p=26798\">more <span class=\"meta-nav\">&raquo;<\/span><\/a><\/p>\n","protected":false},"author":2,"featured_media":4440,"comment_status":"open","ping_status":"closed","sticky":false,"template":"","format":"standard","meta":{"footnotes":""},"categories":[1,41],"tags":[74,1553,5429,1841,40],"aioseo_notices":[],"_links":{"self":[{"href":"https:\/\/infois.ro\/index.php?rest_route=\/wp\/v2\/posts\/26798"}],"collection":[{"href":"https:\/\/infois.ro\/index.php?rest_route=\/wp\/v2\/posts"}],"about":[{"href":"https:\/\/infois.ro\/index.php?rest_route=\/wp\/v2\/types\/post"}],"author":[{"embeddable":true,"href":"https:\/\/infois.ro\/index.php?rest_route=\/wp\/v2\/users\/2"}],"replies":[{"embeddable":true,"href":"https:\/\/infois.ro\/index.php?rest_route=%2Fwp%2Fv2%2Fcomments&post=26798"}],"version-history":[{"count":1,"href":"https:\/\/infois.ro\/index.php?rest_route=\/wp\/v2\/posts\/26798\/revisions"}],"predecessor-version":[{"id":26799,"href":"https:\/\/infois.ro\/index.php?rest_route=\/wp\/v2\/posts\/26798\/revisions\/26799"}],"wp:featuredmedia":[{"embeddable":true,"href":"https:\/\/infois.ro\/index.php?rest_route=\/wp\/v2\/media\/4440"}],"wp:attachment":[{"href":"https:\/\/infois.ro\/index.php?rest_route=%2Fwp%2Fv2%2Fmedia&parent=26798"}],"wp:term":[{"taxonomy":"category","embeddable":true,"href":"https:\/\/infois.ro\/index.php?rest_route=%2Fwp%2Fv2%2Fcategories&post=26798"},{"taxonomy":"post_tag","embeddable":true,"href":"https:\/\/infois.ro\/index.php?rest_route=%2Fwp%2Fv2%2Ftags&post=26798"}],"curies":[{"name":"wp","href":"https:\/\/api.w.org\/{rel}","templated":true}]}}