{"id":26895,"date":"2017-01-09T15:31:24","date_gmt":"2017-01-09T13:31:24","guid":{"rendered":"http:\/\/infois.ro\/?p=26895"},"modified":"2017-01-09T15:31:24","modified_gmt":"2017-01-09T13:31:24","slug":"un-nou-centru-de-zi-pentru-copiii-cu-dizabilitati-din-municipiul-iasi","status":"publish","type":"post","link":"https:\/\/infois.ro\/?p=26895","title":{"rendered":"Un nou centru de zi pentru copiii cu dizabilit\u0103\u0163i din municipiul Ia\u015fi"},"content":{"rendered":"<p style=\"text-align: justify;\"><a href=\"http:\/\/infois.ro\/wp-content\/uploads\/2017\/01\/centrul-stejar.jpg\"><img loading=\"lazy\" decoding=\"async\" class=\"alignleft  wp-image-26896\" src=\"http:\/\/infois.ro\/wp-content\/uploads\/2017\/01\/centrul-stejar.jpg\" alt=\"centrul-stejar\" width=\"311\" height=\"208\" srcset=\"https:\/\/infois.ro\/wp-content\/uploads\/2017\/01\/centrul-stejar.jpg 640w, https:\/\/infois.ro\/wp-content\/uploads\/2017\/01\/centrul-stejar-300x200.jpg 300w\" sizes=\"(max-width: 311px) 100vw, 311px\" \/><\/a><\/p>\n<p style=\"text-align: justify;\">Consiliul Jude\u0163ean (CJ) Ia\u015fi a organizat procedura de achizi\u0163ie public\u0103 pentru execu\u0163ia de lucr\u0103ri (reabilitare, modernizare \u015fi dotare) la obiectivul de investi\u0163ii Centrul de zi &#8220;Stejarul\u201d, din municipiul Ia\u015fi, \u00een cadrul proiectului cu finan\u0163are european\u0103 \u201cEchilibru \u2013 sprijin pentru familiile copiilor cu dizabilit\u0103\u0163i din municipiul Ia\u015fi\u201d. \u00a0C\u00e2\u0219tig\u0103toare a fost desemnat\u0103 SC Iasicon SA, pre\u021bul contractului fiind de 784.049 lei. \u00a0Durata de execu\u021bie a lucr\u0103rilor este de maxim 60 de zile din momentul emiterii ordinului de \u00eencepere a lucr\u0103rilor de c\u0103tre beneficiar \u0219i dup\u0103 predarea amplasamentului de c\u0103tre executant. &#8220;Obiectivul principal al proiectului este promovarea \u00een municipiul Ia\u015fi a egalit\u0103\u0163ii de gen \u015fi a echilibrului \u00eentre via\u0163a profesional\u0103 \u015fi cea de familie. \u00a0Se inten\u0163ioneaz\u0103 reamenajarea\/renovarea, accesibilizarea \u015fi dotarea cl\u0103dirii din str. Stejar nr. 28 (cu o suprafa\u0163\u0103 util\u0103 de 736 mp), aflat\u0103 \u00een proprietatea Consiliului Jude\u0163ean Ia\u015fi \u015fi \u00een administrarea DGASPC Ia\u015fi. Se urm\u0103re\u015fte crearea prin proiect a unui centru de zi pentru copiii cu dizabilit\u0103\u0163i din municipiul Ia\u015fi, care s\u0103 ofere \u00eengrijire pe perioada zilei dar \u015fi servicii specializate de terapie (kinetoterapie, logopedie, recuperare prin stimulare senzorial\u0103). Se dore\u015fte, de asemenea, asigurarea standardelor de calitate prin accesibilizarea cl\u0103dirii \u015fi dotarea centrului cu mobilier adecvat activit\u0103\u0163ilor \u015fi tipologiei beneficiarilor precum \u015fi dotarea cabinetelor cu echipamente specifice de interven\u0163ie&#8221;, se precizeaz\u0103 \u00eentr-un comunicat de pres\u0103 al Consiliului Jude\u0163ean (CJ) Ia\u015fi. De serviciile centrului de zi vor beneficia 25 de copii cu v\u00e2rsta sub 7 ani, din care cinci de etnie rom\u0103. Valoarea total\u0103 a proiectului se ridic\u0103 la 337.560 euro, 20.000 de euro reprezent\u00e2nd cofinan\u0163area asigurat\u0103 de Consiliul Jude\u0163ean Ia\u015fi.<\/p>\n<p>&nbsp;<\/p>\n","protected":false},"excerpt":{"rendered":"<p>Consiliul Jude\u0163ean (CJ) Ia\u015fi a organizat procedura de achizi\u0163ie public\u0103 pentru execu\u0163ia de lucr\u0103ri (reabilitare,&#8230; <a class=\"meta-more\" href=\"https:\/\/infois.ro\/?p=26895\">more <span class=\"meta-nav\">&raquo;<\/span><\/a><\/p>\n","protected":false},"author":2,"featured_media":26896,"comment_status":"open","ping_status":"closed","sticky":false,"template":"","format":"standard","meta":{"footnotes":""},"categories":[1,41],"tags":[74,4817,40,8952,3112],"aioseo_notices":[],"_links":{"self":[{"href":"https:\/\/infois.ro\/index.php?rest_route=\/wp\/v2\/posts\/26895"}],"collection":[{"href":"https:\/\/infois.ro\/index.php?rest_route=\/wp\/v2\/posts"}],"about":[{"href":"https:\/\/infois.ro\/index.php?rest_route=\/wp\/v2\/types\/post"}],"author":[{"embeddable":true,"href":"https:\/\/infois.ro\/index.php?rest_route=\/wp\/v2\/users\/2"}],"replies":[{"embeddable":true,"href":"https:\/\/infois.ro\/index.php?rest_route=%2Fwp%2Fv2%2Fcomments&post=26895"}],"version-history":[{"count":1,"href":"https:\/\/infois.ro\/index.php?rest_route=\/wp\/v2\/posts\/26895\/revisions"}],"predecessor-version":[{"id":26897,"href":"https:\/\/infois.ro\/index.php?rest_route=\/wp\/v2\/posts\/26895\/revisions\/26897"}],"wp:featuredmedia":[{"embeddable":true,"href":"https:\/\/infois.ro\/index.php?rest_route=\/wp\/v2\/media\/26896"}],"wp:attachment":[{"href":"https:\/\/infois.ro\/index.php?rest_route=%2Fwp%2Fv2%2Fmedia&parent=26895"}],"wp:term":[{"taxonomy":"category","embeddable":true,"href":"https:\/\/infois.ro\/index.php?rest_route=%2Fwp%2Fv2%2Fcategories&post=26895"},{"taxonomy":"post_tag","embeddable":true,"href":"https:\/\/infois.ro\/index.php?rest_route=%2Fwp%2Fv2%2Ftags&post=26895"}],"curies":[{"name":"wp","href":"https:\/\/api.w.org\/{rel}","templated":true}]}}