{"id":26949,"date":"2017-01-11T12:34:02","date_gmt":"2017-01-11T10:34:02","guid":{"rendered":"http:\/\/infois.ro\/?p=26949"},"modified":"2017-01-11T12:34:02","modified_gmt":"2017-01-11T10:34:02","slug":"doua-drumuri-din-judetul-iasi-sunt-in-continuare-inchise-din-cauza-viscolului","status":"publish","type":"post","link":"https:\/\/infois.ro\/?p=26949","title":{"rendered":"Dou\u0103 drumuri din jude\u0163ul Ia\u015fi sunt, \u00een continuare, \u00eenchise din cauza viscolului"},"content":{"rendered":"<p style=\"text-align: justify;\"><a href=\"http:\/\/infois.ro\/wp-content\/uploads\/2016\/01\/deszapezire3.jpg\"><img loading=\"lazy\" decoding=\"async\" class=\"alignleft  wp-image-21395\" src=\"http:\/\/infois.ro\/wp-content\/uploads\/2016\/01\/deszapezire3.jpg\" alt=\"deszapezire\" width=\"357\" height=\"226\" srcset=\"https:\/\/infois.ro\/wp-content\/uploads\/2016\/01\/deszapezire3.jpg 640w, https:\/\/infois.ro\/wp-content\/uploads\/2016\/01\/deszapezire3-300x189.jpg 300w\" sizes=\"(max-width: 357px) 100vw, 357px\" \/><\/a><\/p>\n<p style=\"text-align: justify;\">Doar dou\u0103 drumuri din jude\u0163ul Ia\u015fi mai erau \u00eenchise circula\u0163iei, miercuri, la pr\u00e2nz, dup\u0103 ce utilajele Direc\u0163iei Jude\u0163ene de Administrare a Drumurilor \u015fi Podurilor (DJADP) au reu\u015fit, \u00een cursul nop\u0163ii, s\u0103 desz\u0103pezeasc\u0103 \u015fi s\u0103 redea circula\u0163iei DJ 282F (Andrie\u0219eni-Alexandru cel Bun), DJ 282D (Pope\u0219ti-M\u0103d\u00e2rjac), \u021aib\u0103ne\u0219ti-Dag\u00e2\u021ba, Tufe\u0219tii de Sus-Sc\u00e2nteia \u0219i Sine\u0219ti-Pope\u0219ti. Pe celelalte drumuri na\u021bionale \u0219i jude\u021bene, circula\u021bia rutier\u0103 se face \u00een condi\u021bii de iarn\u0103, a anun\u0163at pre\u015fedintele Consiliului Jude\u0163ean (CJ) Ia\u015fi, Maricel Popa. La nivelul jude\u021bului exist\u0103 \u00een prezent \u00een jur de 20 de consumatori nealimenta\u021bi cu energie electric\u0103, echipele EON ac\u0163ion\u00e2nd \u00een teren pentru remedierea avariilor ap\u0103rute la liniile de medie tensiune, ca urmare a viscolului. \u00cen alt\u0103 ordine de idei, este \u00een plin\u0103 desf\u0103\u0219urare interven\u021bia de c\u0103utare a persoanei disp\u0103rute pe raza comunei O\u021beleni. Persoana a disp\u0103rut \u00een data de 08.01.2017, \u00eentre localit\u0103\u021bile O\u021beleni \u2013 Buhonca, pe DC 82A. La c\u0103ut\u0103ri particip\u0103 poli\u021bi\u0219ti, for\u021be ISU \u0219i voluntari.<\/p>\n","protected":false},"excerpt":{"rendered":"<p>Doar dou\u0103 drumuri din jude\u0163ul Ia\u015fi mai erau \u00eenchise circula\u0163iei, miercuri, la pr\u00e2nz, dup\u0103 ce&#8230; <a class=\"meta-more\" href=\"https:\/\/infois.ro\/?p=26949\">more <span class=\"meta-nav\">&raquo;<\/span><\/a><\/p>\n","protected":false},"author":2,"featured_media":21395,"comment_status":"open","ping_status":"closed","sticky":false,"template":"","format":"standard","meta":{"footnotes":""},"categories":[1,41],"tags":[74,1310,8968,40,3990],"aioseo_notices":[],"_links":{"self":[{"href":"https:\/\/infois.ro\/index.php?rest_route=\/wp\/v2\/posts\/26949"}],"collection":[{"href":"https:\/\/infois.ro\/index.php?rest_route=\/wp\/v2\/posts"}],"about":[{"href":"https:\/\/infois.ro\/index.php?rest_route=\/wp\/v2\/types\/post"}],"author":[{"embeddable":true,"href":"https:\/\/infois.ro\/index.php?rest_route=\/wp\/v2\/users\/2"}],"replies":[{"embeddable":true,"href":"https:\/\/infois.ro\/index.php?rest_route=%2Fwp%2Fv2%2Fcomments&post=26949"}],"version-history":[{"count":1,"href":"https:\/\/infois.ro\/index.php?rest_route=\/wp\/v2\/posts\/26949\/revisions"}],"predecessor-version":[{"id":26950,"href":"https:\/\/infois.ro\/index.php?rest_route=\/wp\/v2\/posts\/26949\/revisions\/26950"}],"wp:featuredmedia":[{"embeddable":true,"href":"https:\/\/infois.ro\/index.php?rest_route=\/wp\/v2\/media\/21395"}],"wp:attachment":[{"href":"https:\/\/infois.ro\/index.php?rest_route=%2Fwp%2Fv2%2Fmedia&parent=26949"}],"wp:term":[{"taxonomy":"category","embeddable":true,"href":"https:\/\/infois.ro\/index.php?rest_route=%2Fwp%2Fv2%2Fcategories&post=26949"},{"taxonomy":"post_tag","embeddable":true,"href":"https:\/\/infois.ro\/index.php?rest_route=%2Fwp%2Fv2%2Ftags&post=26949"}],"curies":[{"name":"wp","href":"https:\/\/api.w.org\/{rel}","templated":true}]}}