{"id":26952,"date":"2017-01-11T13:58:26","date_gmt":"2017-01-11T11:58:26","guid":{"rendered":"http:\/\/infois.ro\/?p=26952"},"modified":"2017-01-11T13:58:26","modified_gmt":"2017-01-11T11:58:26","slug":"autovehiculele-de-transport-marfa-si-persoane-verificate-daca-sunt-echipate-cu-anvelope-de-iarna","status":"publish","type":"post","link":"https:\/\/infois.ro\/?p=26952","title":{"rendered":"Autovehiculele de transport marf\u0103 \u015fi persoane, verificate dac\u0103 sunt echipate cu anvelope de iarn\u0103"},"content":{"rendered":"<p style=\"text-align: justify;\"><a href=\"http:\/\/infois.ro\/wp-content\/uploads\/2017\/01\/control-anvelope.jpg\"><img loading=\"lazy\" decoding=\"async\" class=\"alignleft  wp-image-26953\" src=\"http:\/\/infois.ro\/wp-content\/uploads\/2017\/01\/control-anvelope.jpg\" alt=\"control-anvelope\" width=\"303\" height=\"254\" srcset=\"https:\/\/infois.ro\/wp-content\/uploads\/2017\/01\/control-anvelope.jpg 640w, https:\/\/infois.ro\/wp-content\/uploads\/2017\/01\/control-anvelope-300x251.jpg 300w\" sizes=\"(max-width: 303px) 100vw, 303px\" \/><\/a><\/p>\n<p style=\"text-align: justify;\">La solicitarea prefectului Marian Grigora\u015f, pe drumurile din jude\u0163ul Ia\u015fi au fost suplimentate, miercuri, echipajele care verific\u0103 starea tehnic\u0103 a autovehiculelor de transport marf\u0103 sau de persoane\u00a0 &#8220;Am primit sesiz\u0103ri de la ie\u0219eni c\u0103 astfel de autovehicule provoac\u0103 problemele pe drumurile din jude\u021b, din cauz\u0103 c\u0103 nu ar fi echipate corespunz\u0103tor pentru aceast\u0103 perioad\u0103. Echipele de control vor fi compuse din reprezentan\u021bi ai Inspectoratului de Stat pentru Controlul \u00een Transportul Rutier, ai Autorit\u0103\u021bii Rutiere Rom\u00e2ne, ai Consiliului Jude\u021bean Ia\u0219i \u0219i ai Inspectoratului de Poli\u021bie Jude\u021bean. Se va verifica starea tehnic\u0103 a autovehiculelor, dar \u0219i dac\u0103 acestea sunt echipate corespunz\u0103tor pentru a circula pe drumurile publice \u00een condi\u021bii de iarn\u0103&#8221;, a declarat prefectul. Potrivit legii, \u015foferii care nu-\u015fi echipeaz\u0103 ma\u015finile cu anvelope de iarn\u0103 risc\u0103 amenzi cuprinse \u00eentre 1.125 \u015fi 2.500 de lei. \u00cen plus, ace\u015ftia pot r\u0103m\u00e2ne pentru o perioad\u0103 nedeterminat\u0103 \u015fi f\u0103r\u0103 certificatele de \u00eenmatriculare ale autovehiculelor. Conform Codului Rutier, \u015foferii sunt obliga\u021bi s\u0103 aib\u0103 ma\u0219inile echipate cu anvelope de iarn\u0103 de fiecare dat\u0103 c\u00e2nd conduc pe drumurile publice acoperite cu z\u0103pad\u0103, ghea\u021b\u0103 sau polei.<\/p>\n","protected":false},"excerpt":{"rendered":"<p>La solicitarea prefectului Marian Grigora\u015f, pe drumurile din jude\u0163ul Ia\u015fi au fost suplimentate, miercuri, echipajele&#8230; <a class=\"meta-more\" href=\"https:\/\/infois.ro\/?p=26952\">more <span class=\"meta-nav\">&raquo;<\/span><\/a><\/p>\n","protected":false},"author":2,"featured_media":26953,"comment_status":"open","ping_status":"closed","sticky":false,"template":"","format":"standard","meta":{"footnotes":""},"categories":[1,41],"tags":[74,4355,8969,8970,5205,40],"aioseo_notices":[],"_links":{"self":[{"href":"https:\/\/infois.ro\/index.php?rest_route=\/wp\/v2\/posts\/26952"}],"collection":[{"href":"https:\/\/infois.ro\/index.php?rest_route=\/wp\/v2\/posts"}],"about":[{"href":"https:\/\/infois.ro\/index.php?rest_route=\/wp\/v2\/types\/post"}],"author":[{"embeddable":true,"href":"https:\/\/infois.ro\/index.php?rest_route=\/wp\/v2\/users\/2"}],"replies":[{"embeddable":true,"href":"https:\/\/infois.ro\/index.php?rest_route=%2Fwp%2Fv2%2Fcomments&post=26952"}],"version-history":[{"count":1,"href":"https:\/\/infois.ro\/index.php?rest_route=\/wp\/v2\/posts\/26952\/revisions"}],"predecessor-version":[{"id":26954,"href":"https:\/\/infois.ro\/index.php?rest_route=\/wp\/v2\/posts\/26952\/revisions\/26954"}],"wp:featuredmedia":[{"embeddable":true,"href":"https:\/\/infois.ro\/index.php?rest_route=\/wp\/v2\/media\/26953"}],"wp:attachment":[{"href":"https:\/\/infois.ro\/index.php?rest_route=%2Fwp%2Fv2%2Fmedia&parent=26952"}],"wp:term":[{"taxonomy":"category","embeddable":true,"href":"https:\/\/infois.ro\/index.php?rest_route=%2Fwp%2Fv2%2Fcategories&post=26952"},{"taxonomy":"post_tag","embeddable":true,"href":"https:\/\/infois.ro\/index.php?rest_route=%2Fwp%2Fv2%2Ftags&post=26952"}],"curies":[{"name":"wp","href":"https:\/\/api.w.org\/{rel}","templated":true}]}}