{"id":26985,"date":"2017-01-12T17:49:34","date_gmt":"2017-01-12T15:49:34","guid":{"rendered":"http:\/\/infois.ro\/?p=26985"},"modified":"2017-01-12T17:49:34","modified_gmt":"2017-01-12T15:49:34","slug":"victimele-catastrofei-feroviare-de-la-ciurea-comemorate-la-implinirea-unui-secol-de-la-tragedie","status":"publish","type":"post","link":"https:\/\/infois.ro\/?p=26985","title":{"rendered":"Victimele catastrofei feroviare de la Ciurea, comemorate la \u00eemplinirea unui secol de la tragedie"},"content":{"rendered":"<p style=\"text-align: justify;\"><a href=\"http:\/\/infois.ro\/wp-content\/uploads\/2017\/01\/catastrofa-de-la-ciurea.jpg\"><img loading=\"lazy\" decoding=\"async\" class=\"alignleft  wp-image-26986\" src=\"http:\/\/infois.ro\/wp-content\/uploads\/2017\/01\/catastrofa-de-la-ciurea.jpg\" alt=\"catastrofa de la ciurea\" width=\"400\" height=\"226\" srcset=\"https:\/\/infois.ro\/wp-content\/uploads\/2017\/01\/catastrofa-de-la-ciurea.jpg 640w, https:\/\/infois.ro\/wp-content\/uploads\/2017\/01\/catastrofa-de-la-ciurea-300x170.jpg 300w, https:\/\/infois.ro\/wp-content\/uploads\/2017\/01\/catastrofa-de-la-ciurea-139x80.jpg 139w, https:\/\/infois.ro\/wp-content\/uploads\/2017\/01\/catastrofa-de-la-ciurea-140x80.jpg 140w\" sizes=\"(max-width: 400px) 100vw, 400px\" \/><\/a><\/p>\n<p style=\"text-align: justify;\">\u00cen acest an se \u00eemplinesc o sut\u0103 de ani de la cea mai mare catastrof\u0103 feroviar\u0103 produs\u0103 \u00een Rom\u00e2nia. Accidentul, care a avut loc pe 31 decembrie 1916\/13 ianuarie 1917, a intrat \u00een istorie sub numele &#8220;Catastrofa de la Ciurea\u201d. \u00cen noaptea de Anul Nou, un tren cu refugia\u0163i venea la Ia\u0219i dinspre Gala\u021bi, cu solda\u021bii rom\u00e2ni \u0219i ru\u0219i, dar \u0219i civili care plecau din teritoriile ocupate. \u00cen gara Ciurea, la sud de Ia\u0219i, trenul aglomerat, cu 26 de vagoane, s-a ciocnit pe linia \u00eent\u00e2i cu o garnitur\u0103 de cisterne cu combustibil. A urmat un incendiu devastator. Bilan\u021bul este aproximativ \u00eentre 800 \u015fi o mie de mor\u021bi, \u00een absen\u021ba unei anchete oficiale, care nu permite nici azi elucidarea cauzelor accidentului. Guvernul de la acea dat\u0103 a controlat \u0219i a limitat r\u0103sp\u00e2ndirea \u00een presa vremii a detaliilor legate de amplitudinea dezastrului de la Ciurea, de team\u0103 s\u0103 nu demoralizeze \u0219i mai mult popula\u021bia, care oricum suferea din pricina ve\u0219tilor proaste de pe front. Astfel, foarte pu\u021bine victime au fost identificate. Accidentul feroviar de la Ciurea este cel mai mare din Rom\u00e2nia \u0219i al treilea ca m\u0103rime la nivel mondial. \u00cen accident a fost r\u0103nit istoricul Vasile P\u00e2rvan \u0219i au murit prin\u021bul Vasile Cantacuzino \u015fi cpt.comandor Alexandru C\u0103tuneanu, autorul primei h\u0103r\u021bi de naviga\u021bie a M\u0103rii Negre. &#8220;Harta C\u0103tuneanu&#8221; a primit Medialia de Aur la Expozi\u0163ia Universal\u0103 de la Paris, \u00een anul 1900. TVR Ia\u015fi a ini\u0163iat un proiect care implic\u0103 institu\u0163ii din toat\u0103 \u0163ara. \u00cempreun\u0103 cu Prim\u0103ria comunei Ciurea \u015fi Statul Major al For\u0163elor Navale, Academia Naval\u0103, Direc\u0163ia Hidrografic\u0103 Maritim\u0103, CNF CFR SA, CENAFER-Muzeul C\u0103ilor Ferate vor fi comemorate victimele accidentului de acum un secol. \u00cen acest sens, anun\u0163\u0103 organizatorii, s\u00e2mb\u0103t\u0103, 14 ianuarie, la ora 11.00, \u00een comuna Ciurea va fi dezvelit un monument \u00een memoria celor ce \u0219i-au g\u0103sit aici locul de veci. De asemenea, cu aceea\u015fi ocazie va fi dezvelit\u0103 \u015fi placa memorial\u0103 a Comandorului Al.C\u0103tuneanu, mort ca un erou, la doar 54 ani. Garnizoana Ia\u015fi \u015fi Studen\u0163ii Academiei Navale vor da onorul la monumentul inaugurat \u015fi vor depune coroane de flori.<\/p>\n<p>&nbsp;<\/p>\n","protected":false},"excerpt":{"rendered":"<p>\u00cen acest an se \u00eemplinesc o sut\u0103 de ani de la cea mai mare catastrof\u0103&#8230; <a class=\"meta-more\" href=\"https:\/\/infois.ro\/?p=26985\">more <span class=\"meta-nav\">&raquo;<\/span><\/a><\/p>\n","protected":false},"author":2,"featured_media":26986,"comment_status":"open","ping_status":"closed","sticky":false,"template":"","format":"standard","meta":{"footnotes":""},"categories":[1,41],"tags":[74,8979,40,715,1209],"aioseo_notices":[],"_links":{"self":[{"href":"https:\/\/infois.ro\/index.php?rest_route=\/wp\/v2\/posts\/26985"}],"collection":[{"href":"https:\/\/infois.ro\/index.php?rest_route=\/wp\/v2\/posts"}],"about":[{"href":"https:\/\/infois.ro\/index.php?rest_route=\/wp\/v2\/types\/post"}],"author":[{"embeddable":true,"href":"https:\/\/infois.ro\/index.php?rest_route=\/wp\/v2\/users\/2"}],"replies":[{"embeddable":true,"href":"https:\/\/infois.ro\/index.php?rest_route=%2Fwp%2Fv2%2Fcomments&post=26985"}],"version-history":[{"count":1,"href":"https:\/\/infois.ro\/index.php?rest_route=\/wp\/v2\/posts\/26985\/revisions"}],"predecessor-version":[{"id":26987,"href":"https:\/\/infois.ro\/index.php?rest_route=\/wp\/v2\/posts\/26985\/revisions\/26987"}],"wp:featuredmedia":[{"embeddable":true,"href":"https:\/\/infois.ro\/index.php?rest_route=\/wp\/v2\/media\/26986"}],"wp:attachment":[{"href":"https:\/\/infois.ro\/index.php?rest_route=%2Fwp%2Fv2%2Fmedia&parent=26985"}],"wp:term":[{"taxonomy":"category","embeddable":true,"href":"https:\/\/infois.ro\/index.php?rest_route=%2Fwp%2Fv2%2Fcategories&post=26985"},{"taxonomy":"post_tag","embeddable":true,"href":"https:\/\/infois.ro\/index.php?rest_route=%2Fwp%2Fv2%2Ftags&post=26985"}],"curies":[{"name":"wp","href":"https:\/\/api.w.org\/{rel}","templated":true}]}}