{"id":27046,"date":"2017-01-16T15:37:30","date_gmt":"2017-01-16T13:37:30","guid":{"rendered":"http:\/\/infois.ro\/?p=27046"},"modified":"2017-01-16T15:37:30","modified_gmt":"2017-01-16T13:37:30","slug":"iasul-primul-oras-din-romania-care-va-dispune-de-platforme-de-topire-a-zapezii-pe-timpul-iernii","status":"publish","type":"post","link":"https:\/\/infois.ro\/?p=27046","title":{"rendered":"Ia\u015ful, primul ora\u015f din Rom\u00e2nia care va dispune de platforme de topire a z\u0103pezii pe timpul iernii"},"content":{"rendered":"<p style=\"text-align: justify;\"><a href=\"http:\/\/infois.ro\/wp-content\/uploads\/2017\/01\/Depozit-zapada-CA-Rosetti1.jpg\"><img loading=\"lazy\" decoding=\"async\" class=\"alignleft  wp-image-26976\" src=\"http:\/\/infois.ro\/wp-content\/uploads\/2017\/01\/Depozit-zapada-CA-Rosetti1.jpg\" alt=\"Depozit zapada CA Rosetti1\" width=\"336\" height=\"224\" srcset=\"https:\/\/infois.ro\/wp-content\/uploads\/2017\/01\/Depozit-zapada-CA-Rosetti1.jpg 640w, https:\/\/infois.ro\/wp-content\/uploads\/2017\/01\/Depozit-zapada-CA-Rosetti1-300x200.jpg 300w\" sizes=\"(max-width: 336px) 100vw, 336px\" \/><\/a><\/p>\n<p style=\"text-align: justify;\">Municipiul Ia\u015fi va deveni primul ora\u015f din \u0163ar\u0103 care va dispune de platforme de topire a z\u0103pezii pe timpul iernii, \u00een urma implement\u0103rii unui proiect ini\u0163iat de autorit\u0103\u0163ile locale. &#8220;Este vorba despre un proiect la care lucr\u0103m \u00een prezent \u015fi care urmeaz\u0103 s\u0103 devin\u0103 func\u0163ional \u00eencep\u00e2nd din iarna viitoare. Ideea se bazeaz\u0103, pe scurt, pe construc\u0163ia unei platforme din beton cu o suprafa\u0163\u0103 de p\u00e2n\u0103 la 1.500 de metri p\u0103tra\u0163i, pe care urmeaz\u0103 s\u0103 fie depozitat\u0103 z\u0103pada ridicat\u0103 din ora\u015f \u015fi care urmeaz\u0103 s\u0103 fie topit\u0103 ca urmare a c\u0103ldurii degajate de energia termic\u0103 provenit\u0103 de la magistralele de distribu\u0163ie a agentului termic. Apa provenit\u0103 din z\u0103pada astfel topit\u0103 va fi trecut\u0103 apoi prin mai multe filtre p\u00e2n\u0103 s\u0103 ajung\u0103 \u00een sistemul de canalizare \u015fi, \u00een final, la sta\u0163ia de epurare&#8221;, a declarat primarul Mihai Chirica, luni, \u00eentr-o conferin\u0163\u0103 de pres\u0103. Potrivit acestuia, avantajele construirii unei astfel de platforme, care pe timpul verii ar putea fi transformat\u0103 \u00een parcare pentru autovehicule, sunt multimple, de la reducerea semnificativ\u0103 a costurilor legate de transportul z\u0103pezii din ora\u015f \u00een afara localit\u0103\u0163ii \u015fi p\u00e2n\u0103 la aspectul exclusiv ecologic al \u00eentregii opera\u0163iuni. &#8220;Platformele, a c\u0103ror construc\u0163ie se va face cu bani de la bugetul local, pe baza unui proiect care urmeaz\u0103 s\u0103 fie aprobat de autorit\u0103\u0163ile locale, vor fi instalate \u00een apropierea celor \u015fase magistrale de termoficare, respectiv \u00een cartierele Dacia, Alexandru cel Bun, P\u0103curari, Canta, Centru \u015fi Tudor Vladimirescu&#8221;, a ad\u0103ugat primarul. Potrivit acestuia, numai \u00een aceast\u0103 iarn\u0103, cantitatea de z\u0103pad\u0103 ridicat\u0103 de pe str\u0103zile \u015fi trotuarele din municipiul Ia\u015fi se ridic\u0103 la circa 19.000 de metri cubi.<\/p>\n","protected":false},"excerpt":{"rendered":"<p>Municipiul Ia\u015fi va deveni primul ora\u015f din \u0163ar\u0103 care va dispune de platforme de topire&#8230; <a class=\"meta-more\" href=\"https:\/\/infois.ro\/?p=27046\">more <span class=\"meta-nav\">&raquo;<\/span><\/a><\/p>\n","protected":false},"author":2,"featured_media":26976,"comment_status":"open","ping_status":"closed","sticky":false,"template":"","format":"standard","meta":{"footnotes":""},"categories":[1,41],"tags":[74,1129,1420,40,9000],"aioseo_notices":[],"_links":{"self":[{"href":"https:\/\/infois.ro\/index.php?rest_route=\/wp\/v2\/posts\/27046"}],"collection":[{"href":"https:\/\/infois.ro\/index.php?rest_route=\/wp\/v2\/posts"}],"about":[{"href":"https:\/\/infois.ro\/index.php?rest_route=\/wp\/v2\/types\/post"}],"author":[{"embeddable":true,"href":"https:\/\/infois.ro\/index.php?rest_route=\/wp\/v2\/users\/2"}],"replies":[{"embeddable":true,"href":"https:\/\/infois.ro\/index.php?rest_route=%2Fwp%2Fv2%2Fcomments&post=27046"}],"version-history":[{"count":1,"href":"https:\/\/infois.ro\/index.php?rest_route=\/wp\/v2\/posts\/27046\/revisions"}],"predecessor-version":[{"id":27047,"href":"https:\/\/infois.ro\/index.php?rest_route=\/wp\/v2\/posts\/27046\/revisions\/27047"}],"wp:featuredmedia":[{"embeddable":true,"href":"https:\/\/infois.ro\/index.php?rest_route=\/wp\/v2\/media\/26976"}],"wp:attachment":[{"href":"https:\/\/infois.ro\/index.php?rest_route=%2Fwp%2Fv2%2Fmedia&parent=27046"}],"wp:term":[{"taxonomy":"category","embeddable":true,"href":"https:\/\/infois.ro\/index.php?rest_route=%2Fwp%2Fv2%2Fcategories&post=27046"},{"taxonomy":"post_tag","embeddable":true,"href":"https:\/\/infois.ro\/index.php?rest_route=%2Fwp%2Fv2%2Ftags&post=27046"}],"curies":[{"name":"wp","href":"https:\/\/api.w.org\/{rel}","templated":true}]}}