{"id":27080,"date":"2017-01-19T05:26:34","date_gmt":"2017-01-19T03:26:34","guid":{"rendered":"http:\/\/infois.ro\/?p=27080"},"modified":"2017-01-19T05:26:34","modified_gmt":"2017-01-19T03:26:34","slug":"school-companies-proiect-erasmus-parteneriat-strategic-intre-scoli-la-colegiul-agricol-si-de-industrie-alimentara-vasile-adamachi-iasi","status":"publish","type":"post","link":"https:\/\/infois.ro\/?p=27080","title":{"rendered":"\u201dSchool Companies\u201d- proiect Erasmus+, parteneriat strategic \u00eentre \u0219coli la Colegiul Agricol \u0219i de Industrie Alimentar\u0103 \u201dVasile Adamachi\u201d Ia\u0219i"},"content":{"rendered":"<p style=\"text-align: justify;\"><a href=\"http:\/\/infois.ro\/wp-content\/uploads\/2017\/01\/colegiul-agricol.jpg\"><img loading=\"lazy\" decoding=\"async\" class=\"alignleft  wp-image-27081\" src=\"http:\/\/infois.ro\/wp-content\/uploads\/2017\/01\/colegiul-agricol.jpg\" alt=\"\" width=\"333\" height=\"226\" srcset=\"https:\/\/infois.ro\/wp-content\/uploads\/2017\/01\/colegiul-agricol.jpg 640w, https:\/\/infois.ro\/wp-content\/uploads\/2017\/01\/colegiul-agricol-300x204.jpg 300w\" sizes=\"(max-width: 333px) 100vw, 333px\" \/><\/a><\/p>\n<p style=\"text-align: justify;\">Colegiul Agricol \u0219i de Industrie Alimentar\u0103 \u201dVasile Adamachi\u201d, Ia\u0219i a desf\u0103\u0219urat \u00een perioada 09-13 ianuarie 2017 \u00een cadrul Proiectului Erasmus +, KA2, \u00a0\u201dSchool Companies\u201d o mobilitate transna\u021bional\u0103 \u00een Austria, mobilitate \u00a0la care au mai luat parte elevi \u0219i profesori din alte dou\u0103 \u021b\u0103ri partenere, membre ale Uniunii Europene &#8211; Germania \u0219i Polonia.<\/p>\n<p style=\"text-align: justify;\">Echipa Colegiului Agricol \u0219i de Industrie Alimentar\u0103 \u201dVasile Adamachi\u201d, participant\u0103 la acest schimb de experien\u021b\u0103 a fost format\u0103 din cinci elevi \u0219i dou\u0103 cadre didactice, care, pe durata unei s\u0103pt\u0103m\u00e2ni au participat la activit\u0103\u021bi diverse, interesante, motivante \u0219i atractive propuse de institu\u021bia gazd\u0103 &#8211; Hohere Technische Bundeslehranstalt Wolfsberg, Austria.\u00a0\u00a0\u00a0\u00a0\u00a0\u00a0\u00a0\u00a0\u00a0\u00a0 Obiectivul general al proiectului fiind motivarea elevilor\u00a0 pentru implicarea \u00een activit\u0103\u021bi de antreprenoriat \u00een vederea \u00eenfiin\u021b\u0103rii unor firme proprii dup\u0103 finalizarea studiilor\u00a0 a condus la organizarea \u00een cadrul acestei mobilit\u0103\u021bi transna\u021bionale a unor workshopuri, activit\u0103\u021bi de teambuilding \u0219i ateliere de lucru \u00een care s-a realizat documenta\u021bia pentru \u00eenfiin\u021barea unei firme, dar \u0219i vizite la agen\u021bi economici importan\u021bi din Wolfsberg cu care \u0219coala gazd\u0103 colaboreaz\u0103. \u00a0S-au oferit astfel prin aceste vizite participan\u021bilor exemple de bun\u0103 practic\u0103 \u0219i sus\u021binere real\u0103 pentru dezvoltarea competen\u021belor antreprenoriale.<\/p>\n<p style=\"text-align: justify;\">Imbun\u0103t\u0103\u021birea competen\u021belor lingvistice \u00een limba englez\u0103 a fost un alt obiectiv important al proiectului care s-a realizat pe parcursul \u00eentregii mobilit\u0103\u021bi transna\u021bionale, participan\u021bii avand posibilitatea de a \u00eemp\u0103rt\u0103\u0219i opinii, p\u0103reri, \u00a0\u00een aceast\u0103 limb\u0103 de circula\u021bie interna\u021bional\u0103, legate at\u00e2t de activitatile desf\u0103\u0219urate\u00a0 \u00een aer liber care au urm\u0103rit cunoa\u0219terea culturii \u0219i civiliza\u021biei \u021b\u0103rilor partenere dar \u0219i de cele care vizau rela\u021bionarea \u00eentre membrii echipelor \u021b\u0103rilor implicate \u00een proiect.<\/p>\n<p style=\"text-align: justify;\">S-au promovat multiculturalitatea, unitatea \u00een diversitate \u0219i s-au stabilit prietenii str\u00e2nse \u00eentre elevi care s-au sim\u021bit ca o adev\u0103rat\u0103 \u0219i unic\u0103 echip\u0103, elimin\u00e2nd prin comunicarea dintre ei toate barierele culturale, lingvistice \u0219i de mentalitate.<\/p>\n<p style=\"text-align: justify;\">Acest proiect strategic a creat astfel \u00eenc\u0103 de la prima mobilitate transna\u021bional\u0103 o punte de legatur\u0103 \u00eentre \u0219colile partenere din Rom\u00e2nia, Polonia, Germania \u0219i Austria, oferind elevilor \u0219i profesorilor participan\u021bi o experien\u021b\u0103 de neuitat.<\/p>\n","protected":false},"excerpt":{"rendered":"<p>Colegiul Agricol \u0219i de Industrie Alimentar\u0103 \u201dVasile Adamachi\u201d, Ia\u0219i a desf\u0103\u0219urat \u00een perioada 09-13 ianuarie&#8230; <a class=\"meta-more\" href=\"https:\/\/infois.ro\/?p=27080\">more <span class=\"meta-nav\">&raquo;<\/span><\/a><\/p>\n","protected":false},"author":2,"featured_media":27081,"comment_status":"open","ping_status":"closed","sticky":false,"template":"","format":"standard","meta":{"footnotes":""},"categories":[12],"tags":[9009,4900,3112,7336,2337],"aioseo_notices":[],"_links":{"self":[{"href":"https:\/\/infois.ro\/index.php?rest_route=\/wp\/v2\/posts\/27080"}],"collection":[{"href":"https:\/\/infois.ro\/index.php?rest_route=\/wp\/v2\/posts"}],"about":[{"href":"https:\/\/infois.ro\/index.php?rest_route=\/wp\/v2\/types\/post"}],"author":[{"embeddable":true,"href":"https:\/\/infois.ro\/index.php?rest_route=\/wp\/v2\/users\/2"}],"replies":[{"embeddable":true,"href":"https:\/\/infois.ro\/index.php?rest_route=%2Fwp%2Fv2%2Fcomments&post=27080"}],"version-history":[{"count":1,"href":"https:\/\/infois.ro\/index.php?rest_route=\/wp\/v2\/posts\/27080\/revisions"}],"predecessor-version":[{"id":27082,"href":"https:\/\/infois.ro\/index.php?rest_route=\/wp\/v2\/posts\/27080\/revisions\/27082"}],"wp:featuredmedia":[{"embeddable":true,"href":"https:\/\/infois.ro\/index.php?rest_route=\/wp\/v2\/media\/27081"}],"wp:attachment":[{"href":"https:\/\/infois.ro\/index.php?rest_route=%2Fwp%2Fv2%2Fmedia&parent=27080"}],"wp:term":[{"taxonomy":"category","embeddable":true,"href":"https:\/\/infois.ro\/index.php?rest_route=%2Fwp%2Fv2%2Fcategories&post=27080"},{"taxonomy":"post_tag","embeddable":true,"href":"https:\/\/infois.ro\/index.php?rest_route=%2Fwp%2Fv2%2Ftags&post=27080"}],"curies":[{"name":"wp","href":"https:\/\/api.w.org\/{rel}","templated":true}]}}