{"id":27144,"date":"2017-01-23T14:06:00","date_gmt":"2017-01-23T12:06:00","guid":{"rendered":"http:\/\/infois.ro\/?p=27144"},"modified":"2017-01-23T14:06:00","modified_gmt":"2017-01-23T12:06:00","slug":"modificari-in-circulatia-mijloacelor-de-transport-in-comun-pe-24-ianuarie","status":"publish","type":"post","link":"https:\/\/infois.ro\/?p=27144","title":{"rendered":"Modific\u0103ri \u00een circula\u0163ia mijloacelor de transport \u00een comun, pe 24 ianuarie"},"content":{"rendered":"<p style=\"background: white; margin: 0in 0in 4.1pt; text-align: justify;\"><a href=\"http:\/\/infois.ro\/wp-content\/uploads\/2015\/01\/tramvai.jpg\"><img loading=\"lazy\" decoding=\"async\" class=\"alignleft  wp-image-15149\" src=\"http:\/\/infois.ro\/wp-content\/uploads\/2015\/01\/tramvai.jpg\" alt=\"\" width=\"280\" height=\"156\" srcset=\"https:\/\/infois.ro\/wp-content\/uploads\/2015\/01\/tramvai.jpg 600w, https:\/\/infois.ro\/wp-content\/uploads\/2015\/01\/tramvai-300x167.jpg 300w\" sizes=\"(max-width: 280px) 100vw, 280px\" \/><\/a><\/p>\n<p style=\"background: white; margin: 0in 0in 4.1pt; text-align: justify;\">Compania de Transport Public (CTP) Ia\u015fi anun\u0163\u0103 publicul c\u0103l\u0103tor c\u0103 \u00een data de 24 ianuarie 2017, \u00eentre orele 08:30 \u0219i 13:00, se \u00eentrerupe circula\u0163ia tramvaielor pe tronsonul T\u00e2rgu Cucu &#8211; Pia\u0163a Unirii \u2013 Copou, ca urmare a manifest\u0103rilor dedicate Zilei Unirii Principatelor Rom\u00e2ne. Astfel, \u00een circula\u0163ia mijloacelor de transport vor ap\u0103rea urm\u0103toarele modific\u0103ri: tramvaiele de pe traseele 1, 3, 7, 8, 9 \u015fi 13 vor \u00eentoarce \u00een rondul din T\u00e2rgu Cucu; tramvaiele de pe treseul 6 vor avea parcursul Dacia \u2013 str. Arcu \u2013 Billa \u2013 Gar\u0103 \u2013 Dacia; autobuzele de pe traseul 36 vor circula pe itinerariul Dacia \u2013 Gar\u0103 \u2013 str.Arcu \u2013 str. Muzicescu \u2013 Copou;\u00a0autobuzele de pe traseul 50 vor circula pe itinerariul Pia\u0163a M. Eminescu \u2013 T\u00e2rgu Cucu \u2013 Aeroport. Pentru transportul \u00eentre T\u00e2rgu Cucu \u015fi Copou, c\u0103l\u0103torii vor folosi autobuzele de pe traseele 28 \u015fi 42, iar leg\u0103tura dintre T\u00e2rgu Cucu \u015fi Gar\u0103 va fi asigurat\u0103 cu autobuze care vor circula pe itinerarul T\u00e2rgu Cucu \u2013 Bd. Independen\u0163ei \u2013 Funda\u0163ie \u2013 Gar\u0103 \u015fi retur.<\/p>\n","protected":false},"excerpt":{"rendered":"<p>Compania de Transport Public (CTP) Ia\u015fi anun\u0163\u0103 publicul c\u0103l\u0103tor c\u0103 \u00een data de 24 ianuarie&#8230; <a class=\"meta-more\" href=\"https:\/\/infois.ro\/?p=27144\">more <span class=\"meta-nav\">&raquo;<\/span><\/a><\/p>\n","protected":false},"author":2,"featured_media":15149,"comment_status":"open","ping_status":"closed","sticky":false,"template":"","format":"standard","meta":{"footnotes":""},"categories":[1,41],"tags":[74,4513,40,1593,1444],"aioseo_notices":[],"_links":{"self":[{"href":"https:\/\/infois.ro\/index.php?rest_route=\/wp\/v2\/posts\/27144"}],"collection":[{"href":"https:\/\/infois.ro\/index.php?rest_route=\/wp\/v2\/posts"}],"about":[{"href":"https:\/\/infois.ro\/index.php?rest_route=\/wp\/v2\/types\/post"}],"author":[{"embeddable":true,"href":"https:\/\/infois.ro\/index.php?rest_route=\/wp\/v2\/users\/2"}],"replies":[{"embeddable":true,"href":"https:\/\/infois.ro\/index.php?rest_route=%2Fwp%2Fv2%2Fcomments&post=27144"}],"version-history":[{"count":1,"href":"https:\/\/infois.ro\/index.php?rest_route=\/wp\/v2\/posts\/27144\/revisions"}],"predecessor-version":[{"id":27145,"href":"https:\/\/infois.ro\/index.php?rest_route=\/wp\/v2\/posts\/27144\/revisions\/27145"}],"wp:featuredmedia":[{"embeddable":true,"href":"https:\/\/infois.ro\/index.php?rest_route=\/wp\/v2\/media\/15149"}],"wp:attachment":[{"href":"https:\/\/infois.ro\/index.php?rest_route=%2Fwp%2Fv2%2Fmedia&parent=27144"}],"wp:term":[{"taxonomy":"category","embeddable":true,"href":"https:\/\/infois.ro\/index.php?rest_route=%2Fwp%2Fv2%2Fcategories&post=27144"},{"taxonomy":"post_tag","embeddable":true,"href":"https:\/\/infois.ro\/index.php?rest_route=%2Fwp%2Fv2%2Ftags&post=27144"}],"curies":[{"name":"wp","href":"https:\/\/api.w.org\/{rel}","templated":true}]}}