{"id":27239,"date":"2017-02-02T18:01:10","date_gmt":"2017-02-02T16:01:10","guid":{"rendered":"http:\/\/infois.ro\/?p=27239"},"modified":"2017-02-03T06:04:32","modified_gmt":"2017-02-03T04:04:32","slug":"un-sejur-la-carnavalul-de-la-venetia-cadoul-palas-mall-pentru-indragostiti-de-valentines-day","status":"publish","type":"post","link":"https:\/\/infois.ro\/?p=27239","title":{"rendered":"Un sejur la Carnavalul de la Vene\u021bia, cadoul Palas Mall pentru \u00eendr\u0103gosti\u021bi, de Valentine\u2019s Day"},"content":{"rendered":"<p class=\"yiv0049374947MsoNormal\" style=\"text-align: justify;\"><a href=\"http:\/\/infois.ro\/wp-content\/uploads\/2017\/02\/Ansamblul-Palas.jpg\"><img loading=\"lazy\" decoding=\"async\" class=\"alignleft  wp-image-27240\" src=\"http:\/\/infois.ro\/wp-content\/uploads\/2017\/02\/Ansamblul-Palas.jpg\" alt=\"\" width=\"370\" height=\"247\" srcset=\"https:\/\/infois.ro\/wp-content\/uploads\/2017\/02\/Ansamblul-Palas.jpg 640w, https:\/\/infois.ro\/wp-content\/uploads\/2017\/02\/Ansamblul-Palas-300x200.jpg 300w\" sizes=\"(max-width: 370px) 100vw, 370px\" \/><\/a><\/p>\n<p id=\"yui_3_16_0_ym19_1_1486093626023_40139\" class=\"yiv0049374947MsoNormal\" style=\"text-align: justify;\"><b id=\"yui_3_16_0_ym19_1_1486093626023_40138\"><i id=\"yui_3_16_0_ym19_1_1486093626023_40137\"><span id=\"yui_3_16_0_ym19_1_1486093626023_40136\" lang=\"EN-GB\">Costume fastuoase, m\u0103\u015fti spectaculoase, parade, concerte \u00een aer liber, mult\u0103 culoare \u015fi o veritabil\u0103 \u00eentoarcere \u00een timp. Aceasta este atmosfera de poveste de la Vene\u0163ia, unde un cuplu de \u00eendr\u0103gosti\u0163i ar putea s\u0103 \u00ee\u015fi s\u0103rb\u0103toreasc\u0103 iubirea, dac\u0103 va face cump\u0103r\u0103turi din magazinele Palas Mall \u015fi va participa la tombola cu premii.<\/span><\/i><\/b><\/p>\n<p id=\"yui_3_16_0_ym19_1_1486093626023_41857\" class=\"yiv0049374947MsoNormal\" style=\"text-align: justify;\"><span id=\"yui_3_16_0_ym19_1_1486093626023_41867\" lang=\"EN-GB\">Astfel, \u00een perioada 3 \u2013 14 februarie 2017, cei care vor face shopping \u00een valoare de minimum 150 de lei din magazinele ansamblului Palas se pot \u00eenscrie la tombola campaniei \u201eDragoste la Vene\u0163ia\u201d. <\/span><span id=\"yui_3_16_0_ym19_1_1486093626023_41865\" lang=\"EN-GB\">Un client norocos va c\u00e2\u015ftiga, prin tragere la sor\u0163i, chiar de Ziua \u00cendr\u0103gosti\u0163ilor, un sejur pentru el \u015fi jum\u0103tatea sa, la Carnavalul de la Vene\u0163ia, unde se vor bucura de experien\u0163e unice.<\/span><\/p>\n<p id=\"yui_3_16_0_ym19_1_1486093626023_41864\" class=\"yiv0049374947MsoNormal\" style=\"text-align: justify;\"><span id=\"yui_3_16_0_ym19_1_1486093626023_41862\" lang=\"EN-GB\">\u00cen plus, zilnic, primii 210 de clien\u0163i care dep\u0103\u015fesc cuantumul de 150 de lei \u00een periplul lor prin Palas Mall vor fi r\u0103sf\u0103\u0163a\u0163i cu premii dulci \u015fi invita\u0163ii la cafea pentru dou\u0103 persoane, la centrul de premiere din Atrium.<\/span><\/p>\n<p id=\"yui_3_16_0_ym19_1_1486093626023_41861\" class=\"yiv0049374947MsoNormal\" style=\"text-align: justify;\"><span id=\"yui_3_16_0_ym19_1_1486093626023_41859\" lang=\"EN-GB\">Pe 14 februarie, de Valentine\u2019s Day, ansamblul Palas le-a preg\u0103tit \u00eendr\u0103gosti\u0163ilor un spectacol aparte. De la ora 18.00, vor avea ocazia s\u0103 admire adev\u0103ratele opere de m\u0103iestrie realizate de hair stili\u015ftii salonului L\u2019Arte Donna Carina Beauty Center din Palas Mall. Evenimentul Artistic Vision va avea loc \u00een Atrium. Pentru c\u0103 cele mai frumoase c\u00e2ntece sunt cele dedicate iubirii, de la ora 19.00, ie\u015fenii sunt invita\u0163i la recitalul sus\u0163inut de Henrick Solera, artist interna\u0163ional, muzician \u015fi entertainer de origine suedez\u0103, al c\u0103rui show combin\u0103 stilul clasic al lui Frank Sinatra, cu cel contemporan al lui Michael Bubl\u00e9.<\/span><\/p>\n<p id=\"yui_3_16_0_ym19_1_1486093626023_41868\" class=\"yiv0049374947MsoNormal\" style=\"text-align: justify;\"><span id=\"yui_3_16_0_ym19_1_1486093626023_41869\" lang=\"EN-GB\">Cei care doresc s\u0103 se fotografieze \u00eempreun\u0103 cu jum\u0103tatea lor, \u00eentr-un cadru aparte, sunt a\u015ftepta\u0163i la In Love Photo Corner, \u00een Atrium, \u00een perioada 10 \u2013 14 februarie.<\/span><\/p>\n","protected":false},"excerpt":{"rendered":"<p>Costume fastuoase, m\u0103\u015fti spectaculoase, parade, concerte \u00een aer liber, mult\u0103 culoare \u015fi o veritabil\u0103 \u00eentoarcere&#8230; <a class=\"meta-more\" href=\"https:\/\/infois.ro\/?p=27239\">more <span class=\"meta-nav\">&raquo;<\/span><\/a><\/p>\n","protected":false},"author":2,"featured_media":27240,"comment_status":"open","ping_status":"closed","sticky":false,"template":"","format":"standard","meta":{"footnotes":""},"categories":[6,41],"tags":[74,9043,40,1339,321,4214,4394],"aioseo_notices":[],"_links":{"self":[{"href":"https:\/\/infois.ro\/index.php?rest_route=\/wp\/v2\/posts\/27239"}],"collection":[{"href":"https:\/\/infois.ro\/index.php?rest_route=\/wp\/v2\/posts"}],"about":[{"href":"https:\/\/infois.ro\/index.php?rest_route=\/wp\/v2\/types\/post"}],"author":[{"embeddable":true,"href":"https:\/\/infois.ro\/index.php?rest_route=\/wp\/v2\/users\/2"}],"replies":[{"embeddable":true,"href":"https:\/\/infois.ro\/index.php?rest_route=%2Fwp%2Fv2%2Fcomments&post=27239"}],"version-history":[{"count":1,"href":"https:\/\/infois.ro\/index.php?rest_route=\/wp\/v2\/posts\/27239\/revisions"}],"predecessor-version":[{"id":27241,"href":"https:\/\/infois.ro\/index.php?rest_route=\/wp\/v2\/posts\/27239\/revisions\/27241"}],"wp:featuredmedia":[{"embeddable":true,"href":"https:\/\/infois.ro\/index.php?rest_route=\/wp\/v2\/media\/27240"}],"wp:attachment":[{"href":"https:\/\/infois.ro\/index.php?rest_route=%2Fwp%2Fv2%2Fmedia&parent=27239"}],"wp:term":[{"taxonomy":"category","embeddable":true,"href":"https:\/\/infois.ro\/index.php?rest_route=%2Fwp%2Fv2%2Fcategories&post=27239"},{"taxonomy":"post_tag","embeddable":true,"href":"https:\/\/infois.ro\/index.php?rest_route=%2Fwp%2Fv2%2Ftags&post=27239"}],"curies":[{"name":"wp","href":"https:\/\/api.w.org\/{rel}","templated":true}]}}