{"id":27259,"date":"2017-02-05T06:59:19","date_gmt":"2017-02-05T04:59:19","guid":{"rendered":"http:\/\/infois.ro\/?p=27259"},"modified":"2017-02-05T06:59:19","modified_gmt":"2017-02-05T04:59:19","slug":"pregatiri-pentru-minitargurile-specifice-zilei-indragostitilor","status":"publish","type":"post","link":"https:\/\/infois.ro\/?p=27259","title":{"rendered":"Preg\u0103tiri pentru minit\u00e2rgurile specifice Zilei \u00eendr\u0103gosti\u0163ilor"},"content":{"rendered":"<p style=\"text-align: justify;\"><a href=\"http:\/\/infois.ro\/wp-content\/uploads\/2016\/02\/inimoare.jpg\"><img loading=\"lazy\" decoding=\"async\" class=\"alignleft  wp-image-21773\" src=\"http:\/\/infois.ro\/wp-content\/uploads\/2016\/02\/inimoare.jpg\" alt=\"\" width=\"348\" height=\"261\" srcset=\"https:\/\/infois.ro\/wp-content\/uploads\/2016\/02\/inimoare.jpg 640w, https:\/\/infois.ro\/wp-content\/uploads\/2016\/02\/inimoare-300x225.jpg 300w\" sizes=\"(max-width: 348px) 100vw, 348px\" \/><\/a><\/p>\n<p style=\"text-align: justify;\">Prim\u0103ria Municipiului Ia\u0219i anun\u021b\u0103 c\u0103 \u00eencep\u00e2nd de luni, 6 februarie 2017, municipalitatea prime\u0219te cereri din partea agen\u021bilor economici interesa\u021bi s\u0103 comercializeze produse specifice Zilei \u00cendr\u0103gosti\u021bilor (14 februarie). Cererile se depun la Registratura General\u0103 a Prim\u0103riei Municipiului Ia\u0219i, la Centrul de Informa\u021bii pentru Cet\u0103\u021beni.<\/p>\n<p style=\"text-align: justify;\">Zonele \u00een care urmeaz\u0103 a fi amplasate m\u0103su\u021be pliante pentru comercializarea articolelor specifice Zilei \u00eendr\u0103gosti\u021bilor: bd. T. Vladimirescu &#8211; T17; str. V. Lupu &#8211; str. Han T\u0103tar; bd. Copou &#8211; lateral Universitate; \u0219os. Nicolina bl. 915, bl. 996; Pia\u021ba Unirii &#8211; agen\u021bia CFR; Podu Ro\u0219 &#8211; Parc Po\u0219t\u0103; Pia\u021ba Voievozilor; bd. Dacia &#8211; zona Zimbru; str. Cerna; str. G\u0103rii &#8211; Topaz; \u0219os. P\u0103curari &#8211; \u0219os. Moara de Foc; bd. Socola &#8211; str. Bucium; T\u00e2rgu Cucu &#8211; str. S\u0103r\u0103riei.<\/p>\n<p style=\"text-align: justify;\">Tarifele percepute de c\u0103tre municipalitate sunt de 2 lei mp\/zi \u00een zona A (amplasamentele din Copou, Gar\u0103, Centru Civic, Podu Ro\u0219, Tudor Vladimirescu) \u0219i de 1 leu mp\/zi \u00een restul zonelor (P\u0103curari, T\u0103t\u0103ra\u0219i, Nicolina, Dacia, Bularga etc.), a\u0219a cum au fost ele definite de prin Hot\u0103r\u00e2rea Consiliului Local Municipal nr. 25\/2003.<\/p>\n<p style=\"text-align: justify;\">\u00cen fiecare zon\u0103, num\u0103rul amplasamentelor va fi \u00een func\u021bie de suprafe\u021bele disponibile \u0219i fiecare agent economic autorizat va de\u021bine un singur aviz \u00een aceea\u0219i zon\u0103. Cererea va fi \u00eenso\u021bit\u0103 de copia certificatului de \u00eenregistrare \u0219i certificatul de atestare fiscal\u0103 eliberat de c\u0103tre DEPFL Ia\u0219i (pentru agen\u021bii economici cu sediul social \u00een Ia\u0219i) \u0219i, respectiv, certificatul de atestare fiscal\u0103 din localit\u0103\u021bile unde au sediul social ceilal\u021bi agen\u021bi economici.<\/p>\n<p style=\"text-align: justify;\">\u00cencep\u00e2nd din acest an, pe avizul de principiu care va fi eliberat agen\u021bilor economici vor fi \u00eenscrise \u0219i c\u00e2teva clauze de func\u021bionare, dup\u0103 cum urmeaz\u0103:<\/p>\n<p style=\"text-align: justify;\">&#8211; este interzis\u0103 amplasarea de corturi, prelate sau construc\u021bii improvizate neautorizate;<\/p>\n<p style=\"text-align: justify;\">&#8211; amplasarea m\u0103su\u021belor pliante se va face f\u0103r\u0103 afectarea spa\u021biilor verzi, blocarea c\u0103ilor pietonale \u0219i a c\u0103ilor de acces la spa\u021biile comerciale din zon\u0103;<\/p>\n<p style=\"text-align: justify;\">&#8211; orice \u00eenc\u0103lcare a clauzelor de mai sus, dep\u0103\u0219irea suprafe\u021bei autorizate sau nerespectarea obiectului de activitate, atrage dup\u0103 sine revocarea avizului \u0219i dezafectarea amplasamentului, pe cheltuiala beneficiarului, f\u0103r\u0103 nicio alt\u0103 formalitate prealabil\u0103.<\/p>\n","protected":false},"excerpt":{"rendered":"<p>Prim\u0103ria Municipiului Ia\u0219i anun\u021b\u0103 c\u0103 \u00eencep\u00e2nd de luni, 6 februarie 2017, municipalitatea prime\u0219te cereri din&#8230; <a class=\"meta-more\" href=\"https:\/\/infois.ro\/?p=27259\">more <span class=\"meta-nav\">&raquo;<\/span><\/a><\/p>\n","protected":false},"author":2,"featured_media":21773,"comment_status":"open","ping_status":"closed","sticky":false,"template":"","format":"standard","meta":{"footnotes":""},"categories":[1,41],"tags":[],"aioseo_notices":[],"_links":{"self":[{"href":"https:\/\/infois.ro\/index.php?rest_route=\/wp\/v2\/posts\/27259"}],"collection":[{"href":"https:\/\/infois.ro\/index.php?rest_route=\/wp\/v2\/posts"}],"about":[{"href":"https:\/\/infois.ro\/index.php?rest_route=\/wp\/v2\/types\/post"}],"author":[{"embeddable":true,"href":"https:\/\/infois.ro\/index.php?rest_route=\/wp\/v2\/users\/2"}],"replies":[{"embeddable":true,"href":"https:\/\/infois.ro\/index.php?rest_route=%2Fwp%2Fv2%2Fcomments&post=27259"}],"version-history":[{"count":1,"href":"https:\/\/infois.ro\/index.php?rest_route=\/wp\/v2\/posts\/27259\/revisions"}],"predecessor-version":[{"id":27260,"href":"https:\/\/infois.ro\/index.php?rest_route=\/wp\/v2\/posts\/27259\/revisions\/27260"}],"wp:featuredmedia":[{"embeddable":true,"href":"https:\/\/infois.ro\/index.php?rest_route=\/wp\/v2\/media\/21773"}],"wp:attachment":[{"href":"https:\/\/infois.ro\/index.php?rest_route=%2Fwp%2Fv2%2Fmedia&parent=27259"}],"wp:term":[{"taxonomy":"category","embeddable":true,"href":"https:\/\/infois.ro\/index.php?rest_route=%2Fwp%2Fv2%2Fcategories&post=27259"},{"taxonomy":"post_tag","embeddable":true,"href":"https:\/\/infois.ro\/index.php?rest_route=%2Fwp%2Fv2%2Ftags&post=27259"}],"curies":[{"name":"wp","href":"https:\/\/api.w.org\/{rel}","templated":true}]}}