{"id":27263,"date":"2017-02-04T20:02:05","date_gmt":"2017-02-04T18:02:05","guid":{"rendered":"http:\/\/infois.ro\/?p=27263"},"modified":"2017-02-05T07:28:50","modified_gmt":"2017-02-05T05:28:50","slug":"program-prelungit-al-mijloacelor-de-transport-in-comun-in-week-end-la-iasi","status":"publish","type":"post","link":"https:\/\/infois.ro\/?p=27263","title":{"rendered":"Program prelungit al mijloacelor de transport \u00een comun, \u00een week-end, la Ia\u015fi"},"content":{"rendered":"<p><a href=\"http:\/\/infois.ro\/wp-content\/uploads\/2017\/02\/autobuz-1.jpg\"><img loading=\"lazy\" decoding=\"async\" class=\" wp-image-27265\" src=\"http:\/\/infois.ro\/wp-content\/uploads\/2017\/02\/autobuz-1.jpg\" alt=\"\" width=\"444\" height=\"333\" srcset=\"https:\/\/infois.ro\/wp-content\/uploads\/2017\/02\/autobuz-1.jpg 640w, https:\/\/infois.ro\/wp-content\/uploads\/2017\/02\/autobuz-1-300x225.jpg 300w\" sizes=\"(max-width: 444px) 100vw, 444px\" \/><\/a><\/p>\n<p style=\"text-align: justify;\">Av\u00e2nd \u00een vedere num\u0103rul mare de ie\u0219eni care \u0219i-au anun\u021bat prezen\u021ba pe re\u021belele de socializare la manifest\u0103rile publice care se vor desf\u0103\u0219ura s\u00e2mb\u0103t\u0103 \u015fi duminic\u0103 \u00een municipiul Ia\u0219i, Prim\u0103ria municipiului Ia\u0219i, \u00eempreun\u0103 cu Compania de Transport Public (CTP) Ia\u0219i, au luat decizia de a prelungi programul mijloacelor de transport public, pe perioada manifest\u0103rilor publice, astfel \u00eenc\u00e2t s\u0103 asigure num\u0103rul de curse conform programului de transport, anun\u0163\u0103, \u00eentr-un comunicat Biroul de pres\u0103 al Prim\u0103riei Municipiului Ia\u015fi.<\/p>\n","protected":false},"excerpt":{"rendered":"<p>Av\u00e2nd \u00een vedere num\u0103rul mare de ie\u0219eni care \u0219i-au anun\u021bat prezen\u021ba pe re\u021belele de socializare&#8230; <a class=\"meta-more\" href=\"https:\/\/infois.ro\/?p=27263\">more <span class=\"meta-nav\">&raquo;<\/span><\/a><\/p>\n","protected":false},"author":2,"featured_media":27265,"comment_status":"open","ping_status":"closed","sticky":false,"template":"","format":"standard","meta":{"footnotes":""},"categories":[1,41],"tags":[74,40,296,1593],"aioseo_notices":[],"_links":{"self":[{"href":"https:\/\/infois.ro\/index.php?rest_route=\/wp\/v2\/posts\/27263"}],"collection":[{"href":"https:\/\/infois.ro\/index.php?rest_route=\/wp\/v2\/posts"}],"about":[{"href":"https:\/\/infois.ro\/index.php?rest_route=\/wp\/v2\/types\/post"}],"author":[{"embeddable":true,"href":"https:\/\/infois.ro\/index.php?rest_route=\/wp\/v2\/users\/2"}],"replies":[{"embeddable":true,"href":"https:\/\/infois.ro\/index.php?rest_route=%2Fwp%2Fv2%2Fcomments&post=27263"}],"version-history":[{"count":2,"href":"https:\/\/infois.ro\/index.php?rest_route=\/wp\/v2\/posts\/27263\/revisions"}],"predecessor-version":[{"id":27267,"href":"https:\/\/infois.ro\/index.php?rest_route=\/wp\/v2\/posts\/27263\/revisions\/27267"}],"wp:featuredmedia":[{"embeddable":true,"href":"https:\/\/infois.ro\/index.php?rest_route=\/wp\/v2\/media\/27265"}],"wp:attachment":[{"href":"https:\/\/infois.ro\/index.php?rest_route=%2Fwp%2Fv2%2Fmedia&parent=27263"}],"wp:term":[{"taxonomy":"category","embeddable":true,"href":"https:\/\/infois.ro\/index.php?rest_route=%2Fwp%2Fv2%2Fcategories&post=27263"},{"taxonomy":"post_tag","embeddable":true,"href":"https:\/\/infois.ro\/index.php?rest_route=%2Fwp%2Fv2%2Ftags&post=27263"}],"curies":[{"name":"wp","href":"https:\/\/api.w.org\/{rel}","templated":true}]}}