{"id":2727,"date":"2012-11-08T18:08:06","date_gmt":"2012-11-08T16:08:06","guid":{"rendered":"http:\/\/infois.ro\/?p=2727"},"modified":"2012-11-08T18:08:06","modified_gmt":"2012-11-08T16:08:06","slug":"modificari-importante-in-circulatia-autovehiculelor-in-municipiul-iasi","status":"publish","type":"post","link":"https:\/\/infois.ro\/?p=2727","title":{"rendered":"Modific\u0103ri importante \u00een circula\u021bia autovehiculelor \u00een municipiul Ia\u0219i"},"content":{"rendered":"<p style=\"text-align: justify;\"><a class=\"highslide\" onclick=\"return vz.expand(this)\" href=\"http:\/\/infois.ro\/wp-content\/uploads\/2012\/11\/modificari-circulatie.jpg\"><img loading=\"lazy\" decoding=\"async\" class=\"alignleft size-large wp-image-2728\" title=\"modificari circulatie\" src=\"http:\/\/infois.ro\/wp-content\/uploads\/cache\/2012\/11\/modificari-circulatie\/539434418.jpg\" alt=\"\" width=\"640\" height=\"382\" \/><\/a><\/p>\n<p style=\"text-align: justify;\">Din cauza lucr\u0103rilor executate la pasajul subteran din Pia\u021ba \u201dMihai Eminescu\u201d, \u00een perioada urm\u0103toare, partea carosabil\u0103 de pe Bulevardul Independen\u0163ei va fi \u00eengustat\u0103 \u00een zona respectiv\u0103 la c\u00e2te o band\u0103 pe sens. Totodat\u0103, precizeaz\u0103 reprezentan\u021bii municipalit\u0103\u021bii, va fi ref\u0103cut rondul din Tudor Vladimirescu \u015fi vor fi \u00eenfiin\u0163ate noi gira\u0163ii, \u00een P\u0103curari \u015fi \u00een zona Pie\u0163ei Nicolina. \u00centruni\u021bi \u00een \u0219edin\u021b\u0103 \u00een aceast\u0103 s\u0103pt\u0103m\u00e2n\u0103, membrii Comisiei de Circula\u0163ie din cadrul Prim\u0103riie au aprobat o serie de modific\u0103ri ale circula\u0163iei rutiere \u00een ora\u0219. Noile reglement\u0103ri privesc m\u0103suri temporare \u00een cazul lucr\u0103rilor la \u015fantierele pe proiecte europene, dar \u015fi instituirea de noi sensuri giratorii \u015fi marcarea de locuri de parcare \u00een zonele aglomerate ale municipiului. O modificare important\u0103 avizat\u0103 de Comisia de Circula\u0163ie prevede reducerea Bulevardului Independen\u0163ei la c\u00e2te o band\u0103 pe fiecare sens de mers \u00een apropierea Pie\u0163ei Eminescu. Lucr\u0103rile la pasajul Eminescu s-au extins \u00eencep\u00e2nd din aceast\u0103 s\u0103pt\u0103m\u00e2n\u0103 cu s\u0103p\u0103turile spre Bulevardul Independen\u0163ei, lucru care impune blocarea benzilor de circula\u0163ie de pe axul bulevardului. \u201eVor \u00eencepe s\u0103p\u0103turile la rampa de acces \u00een pasajul subteran dinspre Independen\u0163ei \u015fi drept urmare vom \u00eenchide circula\u0163ia rutier\u0103 pe benzile afectate de lucr\u0103ri. Pe tronsonul Pia\u0163a Eminescu \u2013 parcare Romtelecom se va putea circula pe banda de l\u00e2ng\u0103 trotuar at\u00e2t pe sensul spre Copou c\u00e2t \u015fi pe cel spre Spitalul Spiridon\u201d, a precizat viceprimarul Mihai Chirica. \u00cen alt\u0103 ordine de idei, \u00een urma problemelor constatate la gira\u0163ia de la intersec\u0163ia Bulevardului Tudor Vladimirescu cu str\u0103zile Prim\u0103verii \u015fi Chimiei va fi modificat rondul. Practic, acesta va fi redus \u00een circumferin\u0163\u0103 cu aproximativ trei metri, pentru a permite o circula\u0163ie fluid\u0103 pe Bulevardul Tudor Vladimirescu spre Zona Industrial\u0103. De asemenea, vor fi repuse \u00een func\u0163iune semafoarele din intersec\u0163ie. \u201dRondul din Tudor Vladimirescu va fi redus \u00een circumferin\u0163\u0103 cu aproximativ trei metri. Pentru fluidizarea traficului, un nou sens giratoriu va fi \u00eenfiin\u0163at \u015fi pe P\u0103curari, la intersec\u0163ia cu strada Muntenimii. Gira\u0163ia va permite accesul mai facil dinspre strada Moara de Foc cu virajul spre st\u00e2nga spre ie\u015firea din ora\u015f. Pe de alt\u0103 parte, modernizarea Pie\u0163ei Nicolina \u015fi parcarea nou construit\u0103 \u00een zon\u0103 impune crearea unui sens giratoriu pe strada Mitropolit Varlaam\u201d, a declarat Mihai Chirica. \u00cen cadrul \u0219edin\u021bei din aceast\u0103 s\u0103pt\u0103m\u00e2n\u0103, membrii Comisiei de Circula\u021bie a Prim\u0103riei au aprobat amenajarea de noi locuri de parcare \u00een zonele modernizate, sau acolo unde se constat\u0103 problem \u00een circula\u021bia auto. Astfel, pe strada S\u0103r\u0103riei, proasp\u0103t modernizat\u0103, va fi marcat un parcaj longitudinal pe sensul de cobor\u00e2re spre Bulevardul Independen\u0163ei. Pe o lungime de aproximativ 900 de metri vor fi marcate aproximativ 180 de locuri de parcare. De asemenea, pe strada Sf. Laz\u0103r se va reglementa parcarea la marginea bordurii. \u015eoferii \u00ee\u015fi vor putea l\u0103sa astfel ma\u015finile doar \u00een zona blocurilor \u201eK\u201d, pentru sensul de cobor\u00e2re spre Podu Ro\u015f \u015fi l\u00e2ng\u0103 sediul SRI, pentru banda de urcare spre Anastasie Panu. \u00cen aceast\u0103 zon\u0103 vor fi disponibile 40 de locuri de parcare.<\/p>\n<p style=\"text-align: justify;\">\n","protected":false},"excerpt":{"rendered":"<p>Din cauza lucr\u0103rilor executate la pasajul subteran din Pia\u021ba \u201dMihai Eminescu\u201d, \u00een perioada urm\u0103toare, partea&#8230; <a class=\"meta-more\" href=\"https:\/\/infois.ro\/?p=2727\">more <span class=\"meta-nav\">&raquo;<\/span><\/a><\/p>\n","protected":false},"author":2,"featured_media":2728,"comment_status":"open","ping_status":"open","sticky":false,"template":"","format":"standard","meta":{"footnotes":""},"categories":[1,41],"tags":[74,40,477,1181],"aioseo_notices":[],"_links":{"self":[{"href":"https:\/\/infois.ro\/index.php?rest_route=\/wp\/v2\/posts\/2727"}],"collection":[{"href":"https:\/\/infois.ro\/index.php?rest_route=\/wp\/v2\/posts"}],"about":[{"href":"https:\/\/infois.ro\/index.php?rest_route=\/wp\/v2\/types\/post"}],"author":[{"embeddable":true,"href":"https:\/\/infois.ro\/index.php?rest_route=\/wp\/v2\/users\/2"}],"replies":[{"embeddable":true,"href":"https:\/\/infois.ro\/index.php?rest_route=%2Fwp%2Fv2%2Fcomments&post=2727"}],"version-history":[{"count":2,"href":"https:\/\/infois.ro\/index.php?rest_route=\/wp\/v2\/posts\/2727\/revisions"}],"predecessor-version":[{"id":2730,"href":"https:\/\/infois.ro\/index.php?rest_route=\/wp\/v2\/posts\/2727\/revisions\/2730"}],"wp:featuredmedia":[{"embeddable":true,"href":"https:\/\/infois.ro\/index.php?rest_route=\/wp\/v2\/media\/2728"}],"wp:attachment":[{"href":"https:\/\/infois.ro\/index.php?rest_route=%2Fwp%2Fv2%2Fmedia&parent=2727"}],"wp:term":[{"taxonomy":"category","embeddable":true,"href":"https:\/\/infois.ro\/index.php?rest_route=%2Fwp%2Fv2%2Fcategories&post=2727"},{"taxonomy":"post_tag","embeddable":true,"href":"https:\/\/infois.ro\/index.php?rest_route=%2Fwp%2Fv2%2Ftags&post=2727"}],"curies":[{"name":"wp","href":"https:\/\/api.w.org\/{rel}","templated":true}]}}