{"id":27284,"date":"2017-02-06T15:45:56","date_gmt":"2017-02-06T13:45:56","guid":{"rendered":"http:\/\/infois.ro\/?p=27284"},"modified":"2017-02-06T15:45:56","modified_gmt":"2017-02-06T13:45:56","slug":"o-noua-licitatie-pentru-inchirierea-spatiilor-de-depozitare-de-la-parcul-agroindustrial-transagropolis","status":"publish","type":"post","link":"https:\/\/infois.ro\/?p=27284","title":{"rendered":"O nou\u0103 licita\u0163ie pentru \u00eenchirierea spa\u0163iilor de depozitare de la parcul agroindustrial &#8220;TransAgropolis&#8221;"},"content":{"rendered":"<p style=\"text-align: justify;\"><a href=\"http:\/\/infois.ro\/wp-content\/uploads\/2016\/10\/transagropolis.jpg\"><img loading=\"lazy\" decoding=\"async\" class=\"alignleft  wp-image-25956\" src=\"http:\/\/infois.ro\/wp-content\/uploads\/2016\/10\/transagropolis.jpg\" alt=\"\" width=\"377\" height=\"106\" srcset=\"https:\/\/infois.ro\/wp-content\/uploads\/2016\/10\/transagropolis.jpg 640w, https:\/\/infois.ro\/wp-content\/uploads\/2016\/10\/transagropolis-300x84.jpg 300w\" sizes=\"(max-width: 377px) 100vw, 377px\" \/><\/a>Consiliul Jude\u0163ean (CJ) Ia\u015fi va organiza \u00een data de 22 februarie o nou\u0103 licita\u0163ie cu strigare pentru \u00eenchirierea unor celule de depozitare, a unor spa\u0163ii comerciale \u015fi birouri, ca \u015fi a showroom-ului amenajat \u00een cadrul parcului agroindustrial &#8220;TransAgropolis&#8221;, de la Le\u0163cani. Cu acest prilej vor fi scoase la licita\u0163ie \u015fapte celule de depozitare, cu suprafe\u0163e cuprinse \u00eentre 65,75 \u015fi 92,2 mp, la un tarif de pornire de 2.5 euro\/mp\/lun\u0103, 27 de spa\u0163ii de \u00eenchiriat cu suprafe\u0163e cuprinse \u00eentre 8,7 \u015fi 30,3 mp, la un tarif de pornire de 2.5 euro\/mp\/lun\u0103 \u015fi showroom-ul de 416 mp, la un tarif de pornire de 2.5 euro\/mp\/lun\u0103. \u00censcrierile se pot face p\u00e2n\u0103 pe data de 20 februarie. P\u00e2n\u0103 acum, la &#8220;TransAgropolis&#8221; au fost \u00eenchiriate dou\u0103 spa\u021bii de depozitare cu temperatur\u0103 controlat\u0103 de 86.45 mp \u0219i un spa\u021biu de depozitare cu temperatur\u0103 controlat\u0103 de 92.20 mp, totaliz\u00e2nd 265.1 mp, adic\u0103 16,27 % din totalul spa\u021biului existent pentru \u00eenchiriere la TransAgropolis (1629,3 mp). &#8220;Continu\u0103m demersurile pentru \u00eenchirierea spa\u021biilor care au mai r\u0103mas la parcul agroindustrial TransAgropolis. Sper\u0103m s\u0103 avem un grad de ocupare c\u00e2t mai mare p\u00e2n\u0103 la sf\u00e2r\u0219itul acestui an. Este unul dintre proiectele pe care \u021bin foarte mult s\u0103-l ducem la bun sf\u00e2r\u0219it pentru c\u0103 ar fi un semnal important \u0219i pentru mediul de afaceri c\u0103 Jude\u021bul este preocupat s\u0103 creeze infrastructura necesar\u0103 pentru ca investitorii s\u0103 \u00ee\u0219i desf\u0103\u0219oare activitatea la Ia\u0219i. Am primit chiar \u00een aceste zile o solicitare de a organiza \u00een parteneriat Conferin\u021ba Interjude\u021bean\u0103 pe Agricultur\u0103, urm\u00e2nd a-i da curs \u00een perioada urm\u0103toare. \u00cen paralel lucr\u0103m \u0219i la ob\u021binerea primului titlu de parc industrial pentru jude\u021bul Ia\u0219i. Avem toate avizele, suntem \u00een faza de realizare a studiului de fezabilitate, dup\u0103 care vom depune \u00eentreaga documenta\u021bie la Ministerul Dezvolt\u0103rii Regionale \u0219i Administra\u021biei Publice. Preg\u0103tim \u0219i proiectul Centrului de Transfer Tehnologic \u00een domeniul IT \u2013 Internet of Things prin intermediul c\u0103ruia inten\u021bion\u0103m s\u0103 d\u0103m utilitate \u0219i cl\u0103dirii Centrului Expozi\u021bional Moldova\u201d, a declarat Maricel Popa, pre\u015fedintele Consiliului Jude\u0163ean Ia\u015fi. La parcul agroindustrial &#8220;TransAgropolis&#8221;, fermierii au la dispozi\u0163ie spa\u0163ii pentru expunerea m\u0103rfurilor, dar \u015fi hale frigorifice, cu temperatura controlat\u0103, care le vor permite s\u0103 p\u0103streze legumele \u015fi fructele \u00een condi\u0163ii optime. Produc\u0103torii au, de asemenea, \u0219ansa s\u0103 comercializeze produsele agricole \u00een extrasezon, la pre\u021buri mai bune, dar \u015fi de a intra pe pia\u021ba hypermarketurilor. Nu doar agricultorii din Rom\u00e2nia \u00ee\u0219i vor putea comercializa marfa \u00een noul parc agroindustrial, ci \u0219i cei din Ucraina sau Republica Moldova. \u00a0Valoarea proiectului a fost de 18.75 milioane lei, din care 12.1 milioane lei finan\u0163are european\u0103 nerambursabil\u0103. Grupul \u0163in\u0163\u0103 al proiectului este reprezentat de produc\u0103torii agricoli din jude\u0163ul Ia\u015fi, raionul Ungheni \u015fi raionul F\u0103le\u015fti din Republica Moldova \u015fi din regiunea ucrainean\u0103 Vinnytsia.<\/p>\n","protected":false},"excerpt":{"rendered":"<p>Consiliul Jude\u0163ean (CJ) Ia\u015fi va organiza \u00een data de 22 februarie o nou\u0103 licita\u0163ie cu&#8230; <a class=\"meta-more\" href=\"https:\/\/infois.ro\/?p=27284\">more <span class=\"meta-nav\">&raquo;<\/span><\/a><\/p>\n","protected":false},"author":2,"featured_media":27285,"comment_status":"open","ping_status":"closed","sticky":false,"template":"","format":"standard","meta":{"footnotes":""},"categories":[6,41],"tags":[74,227,40,846,928,3112,527],"aioseo_notices":[],"_links":{"self":[{"href":"https:\/\/infois.ro\/index.php?rest_route=\/wp\/v2\/posts\/27284"}],"collection":[{"href":"https:\/\/infois.ro\/index.php?rest_route=\/wp\/v2\/posts"}],"about":[{"href":"https:\/\/infois.ro\/index.php?rest_route=\/wp\/v2\/types\/post"}],"author":[{"embeddable":true,"href":"https:\/\/infois.ro\/index.php?rest_route=\/wp\/v2\/users\/2"}],"replies":[{"embeddable":true,"href":"https:\/\/infois.ro\/index.php?rest_route=%2Fwp%2Fv2%2Fcomments&post=27284"}],"version-history":[{"count":1,"href":"https:\/\/infois.ro\/index.php?rest_route=\/wp\/v2\/posts\/27284\/revisions"}],"predecessor-version":[{"id":27286,"href":"https:\/\/infois.ro\/index.php?rest_route=\/wp\/v2\/posts\/27284\/revisions\/27286"}],"wp:featuredmedia":[{"embeddable":true,"href":"https:\/\/infois.ro\/index.php?rest_route=\/wp\/v2\/media\/27285"}],"wp:attachment":[{"href":"https:\/\/infois.ro\/index.php?rest_route=%2Fwp%2Fv2%2Fmedia&parent=27284"}],"wp:term":[{"taxonomy":"category","embeddable":true,"href":"https:\/\/infois.ro\/index.php?rest_route=%2Fwp%2Fv2%2Fcategories&post=27284"},{"taxonomy":"post_tag","embeddable":true,"href":"https:\/\/infois.ro\/index.php?rest_route=%2Fwp%2Fv2%2Ftags&post=27284"}],"curies":[{"name":"wp","href":"https:\/\/api.w.org\/{rel}","templated":true}]}}