{"id":27511,"date":"2017-02-28T15:32:21","date_gmt":"2017-02-28T13:32:21","guid":{"rendered":"http:\/\/infois.ro\/?p=27511"},"modified":"2017-02-28T15:32:21","modified_gmt":"2017-02-28T13:32:21","slug":"reteaua-centralizata-de-termoficare-a-municipiului-iasi-prelungita-in-cartierele-copou-si-bucium","status":"publish","type":"post","link":"https:\/\/infois.ro\/?p=27511","title":{"rendered":"Re\u0163eaua centralizat\u0103 de termoficare a municipiului Ia\u015fi, prelungit\u0103 \u00een cartierele Copou \u015fi Bucium"},"content":{"rendered":"<p style=\"text-align: justify;\"><a href=\"http:\/\/infois.ro\/wp-content\/uploads\/2016\/08\/termoficare.jpg\"><img loading=\"lazy\" decoding=\"async\" class=\"alignleft  wp-image-24685\" src=\"http:\/\/infois.ro\/wp-content\/uploads\/2016\/08\/termoficare.jpg\" alt=\"\" width=\"276\" height=\"184\" srcset=\"https:\/\/infois.ro\/wp-content\/uploads\/2016\/08\/termoficare.jpg 640w, https:\/\/infois.ro\/wp-content\/uploads\/2016\/08\/termoficare-300x199.jpg 300w\" sizes=\"(max-width: 276px) 100vw, 276px\" \/><\/a><\/p>\n<p style=\"text-align: justify;\">Consilierii locali ie\u015feni au aprobat mar\u0163i, cu unanimitate de voturi, indicatorii tehnico &#8211; economici \u00een vederea lucr\u0103rilor de extindere\u00a0 a re\u0163elei termice primare \u00een vederea racord\u0103rii de noi consumatori la sistemul centralizat de termoficare din municipiu. Proiectul, \u00een valoare de 22,3 milioane de lei, inclusiv TVA, prevede extindere a termofic\u0103rii centralizate \u00een cartierele Copou \u015fi Bucium. Potrivit proiectului de hot\u0103r\u00e2re, 70% din suma necesar\u0103 implement\u0103rii proiectului va fi asigurat\u0103 de Ministerul Dezvolt\u0103rii Regionale, Administra\u0163iei Publice \u015fi Fondurilor Europene \u015fi 30% de c\u0103tre Prim\u0103ria Municipiului Ia\u015fi. Suma cu care municipalitatea va contribui la realizarea proiectului va fi rambursat\u0103, \u00een final, de Veolia Energie Ia\u015fi, ca redeven\u0163\u0103 suplimentar\u0103 \u00een cadrul contractului de concesiune, potrivit protocolului \u00eencheiat de Prim\u0103rie cu reprezentan\u0163ii operatorului serviciului de termoficare. Finan\u0163area proiectului de extindere a sistemului centralizat de termoficare va fi asigurat\u0103 prin Programul \u201eTermoficare &#8211; C\u0103ldur\u0103 \u015fi Confort\u201d derulat de Guvernul Rom\u00e2niei prin Ministerul Dezvolt\u0103rii Regionale, Administra\u0163iei Publice \u015fi Fondurilor Europene, program ce pune la dispozi\u0163ie municipalit\u0103\u0163ilor sume destinate sistemelor de termoficare, pentru lucr\u0103ri de \u00eenlocuire de conducte \u015fi echipamente sau de prelungire a re\u0163elelor de alimentare cu energie termic\u0103. Proiectul &#8220;Copoul Verde\u201d presupune extinderea termofic\u0103rii centralizate de la cl\u0103dirile Universit\u0103\u0163ii de Medicin\u0103 \u015fi Farmacie \u201eGr. T. Popa\u201d p\u00e2n\u0103 la Corpul A al Universit\u0103\u0163ii \u201eAl. I. Cuza\u201d, av\u00e2ndu-se \u00een vedere prelungirea Magistralei 2 de termoficare \u015fi racordarea cl\u0103dirilor mari din acea zon\u0103 direct la conducta magistral\u0103, cu modul termic individual. \u00cen cadrul Proiectului &#8220;Bucium\u201d, sistemul de termoficare va fi extins de la intersec\u0163ia bulevardului Socola cu bulevardul Poitiers \u015fi ctrada Trei F\u00e2nt\u00e2ni \u015fi p\u00e2n\u0103 la blocurile ANL \u015fi la Institutul de Psihiatrie \u201eSocola\u201d prin prelungirea Magistralei 4 de termoficare \u015fi conectarea cl\u0103dirilor mari tot direct la conducta magistral\u0103, cu modul termic individual. Cele dou\u0103 proiecte privesc 49 de clien\u0163i poten\u0163iali, din care au fost selecta\u0163i 36, cuprinz\u00e2nd spitale, universit\u0103\u0163i, hoteluri, pensiuni \u015fi restaurante, blocuri de locuin\u0163e, sedii administrative, cu un consum total estimat de circa 24.700 Gcal pe an, adic\u0103 echivalentul a 5.000 de apartamente.<\/p>\n","protected":false},"excerpt":{"rendered":"<p>Consilierii locali ie\u015feni au aprobat mar\u0163i, cu unanimitate de voturi, indicatorii tehnico &#8211; economici \u00een&#8230; <a class=\"meta-more\" href=\"https:\/\/infois.ro\/?p=27511\">more <span class=\"meta-nav\">&raquo;<\/span><\/a><\/p>\n","protected":false},"author":2,"featured_media":24685,"comment_status":"open","ping_status":"closed","sticky":false,"template":"","format":"standard","meta":{"footnotes":""},"categories":[1,41],"tags":[74,40,3112,493,245,3916],"aioseo_notices":[],"_links":{"self":[{"href":"https:\/\/infois.ro\/index.php?rest_route=\/wp\/v2\/posts\/27511"}],"collection":[{"href":"https:\/\/infois.ro\/index.php?rest_route=\/wp\/v2\/posts"}],"about":[{"href":"https:\/\/infois.ro\/index.php?rest_route=\/wp\/v2\/types\/post"}],"author":[{"embeddable":true,"href":"https:\/\/infois.ro\/index.php?rest_route=\/wp\/v2\/users\/2"}],"replies":[{"embeddable":true,"href":"https:\/\/infois.ro\/index.php?rest_route=%2Fwp%2Fv2%2Fcomments&post=27511"}],"version-history":[{"count":1,"href":"https:\/\/infois.ro\/index.php?rest_route=\/wp\/v2\/posts\/27511\/revisions"}],"predecessor-version":[{"id":27512,"href":"https:\/\/infois.ro\/index.php?rest_route=\/wp\/v2\/posts\/27511\/revisions\/27512"}],"wp:featuredmedia":[{"embeddable":true,"href":"https:\/\/infois.ro\/index.php?rest_route=\/wp\/v2\/media\/24685"}],"wp:attachment":[{"href":"https:\/\/infois.ro\/index.php?rest_route=%2Fwp%2Fv2%2Fmedia&parent=27511"}],"wp:term":[{"taxonomy":"category","embeddable":true,"href":"https:\/\/infois.ro\/index.php?rest_route=%2Fwp%2Fv2%2Fcategories&post=27511"},{"taxonomy":"post_tag","embeddable":true,"href":"https:\/\/infois.ro\/index.php?rest_route=%2Fwp%2Fv2%2Ftags&post=27511"}],"curies":[{"name":"wp","href":"https:\/\/api.w.org\/{rel}","templated":true}]}}